{"id":10014,"date":"2025-06-12T17:57:52","date_gmt":"2025-06-12T15:57:52","guid":{"rendered":"https:\/\/www.oehweb.at\/?p=10014"},"modified":"2025-06-12T17:57:52","modified_gmt":"2025-06-12T15:57:52","slug":"neues-vorsitzteam-der-oeh-innsbruck","status":"publish","type":"post","link":"https:\/\/www.oehweb.at\/en\/neues-vorsitzteam-der-oeh-innsbruck\/","title":{"rendered":"Neues Vorsitzteam der \u00d6H Innsbruck"},"content":{"rendered":"<p>Bei der konstituierenden Sitzung der \u00d6H an der Universit\u00e4t Innsbruck wurde heute ein neues Vorsitzteam gew\u00e4hlt.<\/p>\n<p>Vorsitz &#8211; Julian Herb (AG)<\/p>\n<p>1 stv. Vorsitz &#8211; Anna Schramm (GRAS)<\/p>\n<p>2 stv. Vorsitz &#8211; Gabriela Crnov (AG)<\/p>\n<p><em>Bild: cc miketefilms<\/em><\/p>","protected":false},"excerpt":{"rendered":"<p>Bei der konstituierenden Sitzung der \u00d6H an der Universit\u00e4t Innsbruck wurde heute ein neues Vorsitzteam gew\u00e4hlt. Vorsitz &#8211; Julian Herb (AG) 1 stv. Vorsitz &#8211; Anna Schramm (GRAS) 2 stv. Vorsitz &#8211; Gabriela Crnov (AG) Bild: cc miketefilms<\/p>","protected":false},"author":5,"featured_media":10015,"comment_status":"closed","ping_status":"closed","sticky":false,"template":"","format":"standard","meta":{"inline_featured_image":false,"footnotes":""},"categories":[1],"tags":[],"class_list":["post-10014","post","type-post","status-publish","format-standard","has-post-thumbnail","hentry","category-allgemein"],"yoast_head":"<!-- This site is optimized with the Yoast SEO plugin v21.8.1 - https:\/\/yoast.com\/wordpress\/plugins\/seo\/ -->\n<title>Neues Vorsitzteam der \u00d6H Innsbruck - \u00d6H Innsbruck<\/title>\n<meta name=\"robots\" content=\"index, follow, max-snippet:-1, max-image-preview:large, max-video-preview:-1\" \/>\n<link rel=\"canonical\" href=\"https:\/\/www.oehweb.at\/en\/neues-vorsitzteam-der-oeh-innsbruck\/\" \/>\n<meta property=\"og:locale\" content=\"en_GB\" \/>\n<meta property=\"og:type\" content=\"article\" \/>\n<meta property=\"og:title\" content=\"Neues Vorsitzteam der \u00d6H Innsbruck - \u00d6H Innsbruck\" \/>\n<meta property=\"og:description\" content=\"Bei der konstituierenden Sitzung der \u00d6H an der Universit\u00e4t Innsbruck wurde heute ein neues Vorsitzteam gew\u00e4hlt. Vorsitz &#8211; Julian Herb (AG) 1 stv. Vorsitz &#8211; Anna Schramm (GRAS) 2 stv. Vorsitz &#8211; Gabriela Crnov (AG) Bild: cc miketefilms\" \/>\n<meta property=\"og:url\" content=\"https:\/\/www.oehweb.at\/en\/neues-vorsitzteam-der-oeh-innsbruck\/\" \/>\n<meta property=\"og:site_name\" content=\"\u00d6H Innsbruck\" \/>\n<meta property=\"article:published_time\" content=\"2025-06-12T15:57:52+00:00\" \/>\n<meta property=\"og:image\" content=\"https:\/\/www.oehweb.at\/wp-content\/uploads\/2025\/06\/IMG-20250612-WA00052.jpg\" \/>\n\t<meta property=\"og:image:width\" content=\"1600\" \/>\n\t<meta property=\"og:image:height\" content=\"1066\" \/>\n\t<meta property=\"og:image:type\" content=\"image\/jpeg\" \/>\n<meta name=\"author\" content=\"OEH Innsbruck\" \/>\n<meta name=\"twitter:card\" content=\"summary_large_image\" \/>\n<meta name=\"twitter:label1\" content=\"Written by\" \/>\n\t<meta name=\"twitter:data1\" content=\"OEH Innsbruck\" \/>\n\t<meta name=\"twitter:label2\" content=\"Estimated reading time\" \/>\n\t<meta name=\"twitter:data2\" content=\"1 minute\" \/>\n<script type=\"application\/ld+json\" class=\"yoast-schema-graph\">{\"@context\":\"https:\/\/schema.org\",\"@graph\":[{\"@type\":\"Article\",\"@id\":\"https:\/\/www.oehweb.at\/neues-vorsitzteam-der-oeh-innsbruck\/#article\",\"isPartOf\":{\"@id\":\"https:\/\/www.oehweb.at\/neues-vorsitzteam-der-oeh-innsbruck\/\"},\"author\":{\"name\":\"OEH Innsbruck\",\"@id\":\"https:\/\/www.oehweb.at\/#\/schema\/person\/70c69413dd3501c0c40fbc1430d34564\"},\"headline\":\"Neues Vorsitzteam der \u00d6H Innsbruck\",\"datePublished\":\"2025-06-12T15:57:52+00:00\",\"dateModified\":\"2025-06-12T15:57:52+00:00\",\"mainEntityOfPage\":{\"@id\":\"https:\/\/www.oehweb.at\/neues-vorsitzteam-der-oeh-innsbruck\/\"},\"wordCount\":43,\"publisher\":{\"@id\":\"https:\/\/www.oehweb.at\/#organization\"},\"articleSection\":[\"Allgemein\"],\"inLanguage\":\"en-GB\"},{\"@type\":\"WebPage\",\"@id\":\"https:\/\/www.oehweb.at\/neues-vorsitzteam-der-oeh-innsbruck\/\",\"url\":\"https:\/\/www.oehweb.at\/neues-vorsitzteam-der-oeh-innsbruck\/\",\"name\":\"Neues Vorsitzteam der \u00d6H Innsbruck - \u00d6H Innsbruck\",\"isPartOf\":{\"@id\":\"https:\/\/www.oehweb.at\/#website\"},\"datePublished\":\"2025-06-12T15:57:52+00:00\",\"dateModified\":\"2025-06-12T15:57:52+00:00\",\"breadcrumb\":{\"@id\":\"https:\/\/www.oehweb.at\/neues-vorsitzteam-der-oeh-innsbruck\/#breadcrumb\"},\"inLanguage\":\"en-GB\",\"potentialAction\":[{\"@type\":\"ReadAction\",\"target\":[\"https:\/\/www.oehweb.at\/neues-vorsitzteam-der-oeh-innsbruck\/\"]}]},{\"@type\":\"BreadcrumbList\",\"@id\":\"https:\/\/www.oehweb.at\/neues-vorsitzteam-der-oeh-innsbruck\/#breadcrumb\",\"itemListElement\":[{\"@type\":\"ListItem\",\"position\":1,\"name\":\"Home\",\"item\":\"https:\/\/www.oehweb.at\/\"},{\"@type\":\"ListItem\",\"position\":2,\"name\":\"Neues Vorsitzteam der \u00d6H Innsbruck\"}]},{\"@type\":\"WebSite\",\"@id\":\"https:\/\/www.oehweb.at\/#website\",\"url\":\"https:\/\/www.oehweb.at\/\",\"name\":\"\u00d6H Innsbruck\",\"description\":\"Wir sind die \u00d6sterreichische Hochsch\u00fclerInnenschaft an der Universit\u00e4t Innsbruck\",\"publisher\":{\"@id\":\"https:\/\/www.oehweb.at\/#organization\"},\"potentialAction\":[{\"@type\":\"SearchAction\",\"target\":{\"@type\":\"EntryPoint\",\"urlTemplate\":\"https:\/\/www.oehweb.at\/?s={search_term_string}\"},\"query-input\":\"required name=search_term_string\"}],\"inLanguage\":\"en-GB\"},{\"@type\":\"Organization\",\"@id\":\"https:\/\/www.oehweb.at\/#organization\",\"name\":\"\u00d6H Innsrbruck\",\"url\":\"https:\/\/www.oehweb.at\/\",\"logo\":{\"@type\":\"ImageObject\",\"inLanguage\":\"en-GB\",\"@id\":\"https:\/\/www.oehweb.at\/#\/schema\/logo\/image\/\",\"url\":\"https:\/\/www.oehweb.at\/wp-content\/uploads\/2020\/11\/OEH-Innsbruck-Logo.svg\",\"contentUrl\":\"https:\/\/www.oehweb.at\/wp-content\/uploads\/2020\/11\/OEH-Innsbruck-Logo.svg\",\"width\":448,\"height\":255,\"caption\":\"\u00d6H Innsrbruck\"},\"image\":{\"@id\":\"https:\/\/www.oehweb.at\/#\/schema\/logo\/image\/\"}},{\"@type\":\"Person\",\"@id\":\"https:\/\/www.oehweb.at\/#\/schema\/person\/70c69413dd3501c0c40fbc1430d34564\",\"name\":\"OEH Innsbruck\",\"image\":{\"@type\":\"ImageObject\",\"inLanguage\":\"en-GB\",\"@id\":\"https:\/\/www.oehweb.at\/#\/schema\/person\/image\/\",\"url\":\"https:\/\/secure.gravatar.com\/avatar\/bda643763d9c226f03befc6c02f867711d0de81b896dff2747848e543a1de895?s=96&d=mm&r=g\",\"contentUrl\":\"https:\/\/secure.gravatar.com\/avatar\/bda643763d9c226f03befc6c02f867711d0de81b896dff2747848e543a1de895?s=96&d=mm&r=g\",\"caption\":\"OEH Innsbruck\"}}]}<\/script>\n<!-- \/ Yoast SEO plugin. -->","yoast_head_json":{"title":"Neues Vorsitzteam der \u00d6H Innsbruck - \u00d6H Innsbruck","robots":{"index":"index","follow":"follow","max-snippet":"max-snippet:-1","max-image-preview":"max-image-preview:large","max-video-preview":"max-video-preview:-1"},"canonical":"https:\/\/www.oehweb.at\/en\/neues-vorsitzteam-der-oeh-innsbruck\/","og_locale":"en_GB","og_type":"article","og_title":"Neues Vorsitzteam der \u00d6H Innsbruck - \u00d6H Innsbruck","og_description":"Bei der konstituierenden Sitzung der \u00d6H an der Universit\u00e4t Innsbruck wurde heute ein neues Vorsitzteam gew\u00e4hlt. Vorsitz &#8211; Julian Herb (AG) 1 stv. Vorsitz &#8211; Anna Schramm (GRAS) 2 stv. Vorsitz &#8211; Gabriela Crnov (AG) Bild: cc miketefilms","og_url":"https:\/\/www.oehweb.at\/en\/neues-vorsitzteam-der-oeh-innsbruck\/","og_site_name":"\u00d6H Innsbruck","article_published_time":"2025-06-12T15:57:52+00:00","og_image":[{"width":1600,"height":1066,"url":"https:\/\/www.oehweb.at\/wp-content\/uploads\/2025\/06\/IMG-20250612-WA00052.jpg","type":"image\/jpeg"}],"author":"OEH Innsbruck","twitter_card":"summary_large_image","twitter_misc":{"Written by":"OEH Innsbruck","Estimated reading time":"1 minute"},"schema":{"@context":"https:\/\/schema.org","@graph":[{"@type":"Article","@id":"https:\/\/www.oehweb.at\/neues-vorsitzteam-der-oeh-innsbruck\/#article","isPartOf":{"@id":"https:\/\/www.oehweb.at\/neues-vorsitzteam-der-oeh-innsbruck\/"},"author":{"name":"OEH Innsbruck","@id":"https:\/\/www.oehweb.at\/#\/schema\/person\/70c69413dd3501c0c40fbc1430d34564"},"headline":"Neues Vorsitzteam der \u00d6H Innsbruck","datePublished":"2025-06-12T15:57:52+00:00","dateModified":"2025-06-12T15:57:52+00:00","mainEntityOfPage":{"@id":"https:\/\/www.oehweb.at\/neues-vorsitzteam-der-oeh-innsbruck\/"},"wordCount":43,"publisher":{"@id":"https:\/\/www.oehweb.at\/#organization"},"articleSection":["Allgemein"],"inLanguage":"en-GB"},{"@type":"WebPage","@id":"https:\/\/www.oehweb.at\/neues-vorsitzteam-der-oeh-innsbruck\/","url":"https:\/\/www.oehweb.at\/neues-vorsitzteam-der-oeh-innsbruck\/","name":"Neues Vorsitzteam der \u00d6H Innsbruck - \u00d6H Innsbruck","isPartOf":{"@id":"https:\/\/www.oehweb.at\/#website"},"datePublished":"2025-06-12T15:57:52+00:00","dateModified":"2025-06-12T15:57:52+00:00","breadcrumb":{"@id":"https:\/\/www.oehweb.at\/neues-vorsitzteam-der-oeh-innsbruck\/#breadcrumb"},"inLanguage":"en-GB","potentialAction":[{"@type":"ReadAction","target":["https:\/\/www.oehweb.at\/neues-vorsitzteam-der-oeh-innsbruck\/"]}]},{"@type":"BreadcrumbList","@id":"https:\/\/www.oehweb.at\/neues-vorsitzteam-der-oeh-innsbruck\/#breadcrumb","itemListElement":[{"@type":"ListItem","position":1,"name":"Home","item":"https:\/\/www.oehweb.at\/"},{"@type":"ListItem","position":2,"name":"Neues Vorsitzteam der \u00d6H Innsbruck"}]},{"@type":"WebSite","@id":"https:\/\/www.oehweb.at\/#website","url":"https:\/\/www.oehweb.at\/","name":"\u00d6H Innsbruck","description":"Wir sind die \u00d6sterreichische Hochsch\u00fclerInnenschaft an der Universit\u00e4t Innsbruck","publisher":{"@id":"https:\/\/www.oehweb.at\/#organization"},"potentialAction":[{"@type":"SearchAction","target":{"@type":"EntryPoint","urlTemplate":"https:\/\/www.oehweb.at\/?s={search_term_string}"},"query-input":"required name=search_term_string"}],"inLanguage":"en-GB"},{"@type":"Organization","@id":"https:\/\/www.oehweb.at\/#organization","name":"\u00d6H Innsrbruck","url":"https:\/\/www.oehweb.at\/","logo":{"@type":"ImageObject","inLanguage":"en-GB","@id":"https:\/\/www.oehweb.at\/#\/schema\/logo\/image\/","url":"https:\/\/www.oehweb.at\/wp-content\/uploads\/2020\/11\/OEH-Innsbruck-Logo.svg","contentUrl":"https:\/\/www.oehweb.at\/wp-content\/uploads\/2020\/11\/OEH-Innsbruck-Logo.svg","width":448,"height":255,"caption":"\u00d6H Innsrbruck"},"image":{"@id":"https:\/\/www.oehweb.at\/#\/schema\/logo\/image\/"}},{"@type":"Person","@id":"https:\/\/www.oehweb.at\/#\/schema\/person\/70c69413dd3501c0c40fbc1430d34564","name":"OEH Innsbruck","image":{"@type":"ImageObject","inLanguage":"en-GB","@id":"https:\/\/www.oehweb.at\/#\/schema\/person\/image\/","url":"https:\/\/secure.gravatar.com\/avatar\/bda643763d9c226f03befc6c02f867711d0de81b896dff2747848e543a1de895?s=96&d=mm&r=g","contentUrl":"https:\/\/secure.gravatar.com\/avatar\/bda643763d9c226f03befc6c02f867711d0de81b896dff2747848e543a1de895?s=96&d=mm&r=g","caption":"OEH Innsbruck"}}]}},"_links":{"self":[{"href":"https:\/\/www.oehweb.at\/en\/wp-json\/wp\/v2\/posts\/10014","targetHints":{"allow":["GET"]}}],"collection":[{"href":"https:\/\/www.oehweb.at\/en\/wp-json\/wp\/v2\/posts"}],"about":[{"href":"https:\/\/www.oehweb.at\/en\/wp-json\/wp\/v2\/types\/post"}],"author":[{"embeddable":true,"href":"https:\/\/www.oehweb.at\/en\/wp-json\/wp\/v2\/users\/5"}],"replies":[{"embeddable":true,"href":"https:\/\/www.oehweb.at\/en\/wp-json\/wp\/v2\/comments?post=10014"}],"version-history":[{"count":1,"href":"https:\/\/www.oehweb.at\/en\/wp-json\/wp\/v2\/posts\/10014\/revisions"}],"predecessor-version":[{"id":10016,"href":"https:\/\/www.oehweb.at\/en\/wp-json\/wp\/v2\/posts\/10014\/revisions\/10016"}],"wp:featuredmedia":[{"embeddable":true,"href":"https:\/\/www.oehweb.at\/en\/wp-json\/wp\/v2\/media\/10015"}],"wp:attachment":[{"href":"https:\/\/www.oehweb.at\/en\/wp-json\/wp\/v2\/media?parent=10014"}],"wp:term":[{"taxonomy":"category","embeddable":true,"href":"https:\/\/www.oehweb.at\/en\/wp-json\/wp\/v2\/categories?post=10014"},{"taxonomy":"post_tag","embeddable":true,"href":"https:\/\/www.oehweb.at\/en\/wp-json\/wp\/v2\/tags?post=10014"}],"curies":[{"name":"wp","href":"https:\/\/api.w.org\/{rel}","templated":true}]}}