{"id":10597,"date":"2025-09-08T11:10:37","date_gmt":"2025-09-08T09:10:37","guid":{"rendered":"https:\/\/www.oehweb.at\/?p=10597"},"modified":"2025-09-08T11:48:30","modified_gmt":"2025-09-08T09:48:30","slug":"newsletter-september-2025","status":"publish","type":"post","link":"https:\/\/www.oehweb.at\/en\/newsletter-september-2025\/","title":{"rendered":"Newsletter September 2025"},"content":{"rendered":"<p>Dear students,<\/p>\n<p>Wir hoffen, ihr k\u00f6nnt euren Sommer bisher genie\u00dfen. Bevor das Semester wieder startet, m\u00f6chten wir uns bei euch vorstellen und euch die Serviceleistungen der <strong>\u00d6H Uni Innsbruck <\/strong>n\u00e4herbringen. Mit unserem monatlichen Newsletter halten wir euch \u00fcber unsere Arbeit stets auf dem Laufenden \u2013 damit ihr immer wisst, wof\u00fcr wir uns einsetzen und welche Events anstehen.<\/p>\n<p>Nat\u00fcrlich sind wir auch w\u00e4hrend der Sommermonate ohne Pause f\u00fcr euch da!<\/p>\n<p><strong>Euer \u00d6H-Vorsitzteam<br \/>\nJulian Herb &#8211; Anna Schramm &#8211; Gabriela Crnov<\/strong><\/p>\n<p>1) Wer wir sind &#8211; das neue Vorsitzteam und unsere Ziele<\/p>\n<p>2) Serviceleistungen der \u00d6H auch im Sommer<\/p>\n<p>3) Studia<\/p>\n<p>4) UNIpress<\/p>\n<p>5) Perfekt f\u00fcr den Start ins Unileben: Informiert ins Studium am 29. &amp; 30.09.2025<\/p>\n<p>6) Kontakt<\/p>\n<p><strong>1) \u00a0Wer wir sind &#8211; das neue Vorsitzteam und unsere Ziele<\/strong><\/p>\n<p>Seit dem ersten Juli sind wir nun in neuer Besetzung und mit einer neuen Koalition im Amt. Unser Vorsitzteam, bestehend aus Julian Herb, Anna Schramm und Gabriela Crnov, setzt sich bereits seit Tag 1 f\u00fcr eine <strong>serviceorientierte, nachhaltige <\/strong>und <strong>soziale <\/strong>Hochschule ein. Gemeinsam vertreten wir eure Interessen gegen\u00fcber der Universit\u00e4t, der Politik und der \u00d6ffentlichkeit.<\/p>\n<p>Gemeinsam arbeiten wir daran, eure Studienzeit noch besser zu machen! Wir freuen uns.<\/p>\n<h5><strong>2) Serviceleistungen der \u00d6H auch im Sommer<\/strong><\/h5>\n<p>Neben einer starken Interessensvertretung legen wir gro\u00dfen Wert auf professionelle Serviceangebote. Mit unserer <a href=\"https:\/\/wohnen.oehweb.at\/\"><strong>\u00d6H-Wohnungs<\/strong><\/a>&#8211; und <a href=\"https:\/\/jobs.oehweb.at\/\"><strong>Jobb\u00f6rse <\/strong><\/a>unterst\u00fctzen wir dich dabei, dein Studium und deinen Alltag in Innsbruck bestm\u00f6glich zu gestalten. Auf unserer <a href=\"https:\/\/www.oehweb.at\/en\/services\/\">Webseite<\/a> findet ihr all unsere Services im \u00dcberblick.<\/p>\n<p>Wenn du Fragen, Anliegen oder Probleme hast, erreichst du uns jederzeit per Mail oder pers\u00f6nlich w\u00e4hrend unserer \u00d6ffnungszeiten \u2013 wir sind gerne f\u00fcr dich da und freuen uns auf deinen Besuch!<\/p>\n<h5><strong>3) Studia<\/strong><\/h5>\n<p>Die <strong>Studia <\/strong>ist der Wirtschaftsbetrieb der \u00d6H Uni Innsbruck und unterst\u00fctzt dich bei allem, was du f\u00fcrs Studium brauchst. Ob <strong>Kopieren, Drucken, Binden <\/strong>oder <strong>Fachliteratur <\/strong>\u2013 bei der Studia bekommst du alles an einem Ort. Auch deine Abschlussarbeit kannst du hier professionell drucken und binden lassen. Mit einem Standort direkt am Campus und praktischen Online-Services bist du flexibel, sparst Zeit und unterst\u00fctzt auch noch ein lokales Unternehmen. Zudem gibt es eine eigene Buchbinderei und einen <strong>Verlag<\/strong>, falls du selbst publizieren m\u00f6chtest.<\/p>\n<p>Weitere Informationen: <a href=\"http:\/\/www.studia.at\">www.studia.at<\/a><\/p>\n<h5><strong>4) UNIpress<\/strong><\/h5>\n<p>Die <strong>UNIpress <\/strong>ist das offizielle <strong>Studierendenmagazin <\/strong>der \u00d6H Innsbruck. Wir beleuchten das Innsbrucker Unileben journalistisch und schreiben auch \u00fcber Themen aus Politik, Gesellschaft, Wissenschaft und Kultur. Unsere Printausgabe erscheint zweimal im Semester. Sie ist zur freien Entnahme an der Universit\u00e4t Innsbruck erh\u00e4ltlich: zum Beispiel in den verschiedenen Studia-Filialen, unseren freistehenden UNIpress-Zeitschriftenst\u00e4ndern oder den Uni-Bibliotheken am Innrain, in der Sowi und dem Agnes-Heller-Haus. V\u00f6llig kostenlos, f\u00fcr alle. Online posten wir zwei- bis dreimal pro Woche einen Artikel auf Unipress.at und unserem Instagram-Account <a href=\"https:\/\/www.instagram.com\/unipress.innsbruck\/\">@unipress.innsbruck<\/a>.<\/p>\n<p>Unsere neueste Ausgabe kreist um das Thema Helden: Taucht ein in unsere Interviews mit Armin Wolf, Silvia Schneider, Toni Polster und @josischreibt_ sowie weiteren Beitr\u00e4gen, die das Konzept des Heldentums aus unterschiedlichen Blickwinkeln beleuchten. Erh\u00e4ltlich ist sie bereits \u2013 sowohl als Print als auch digital im <a href=\"https:\/\/www.unipress.at\/ueber-uns\/archiv-2\/\">Archiv<\/a> auf.<\/p>\n<p>Unsere Redaktion vereint Studierende verschiedenster Fakult\u00e4ten und Hintergr\u00fcnde \u2013 vom Erstsemestrigen bis zur Masterstudentin. Mehr Informationen findest du auf <a href=\"https:\/\/www.unipress.at\/ueber-uns\/\">unserer<\/a> <a href=\"https:\/\/www.unipress.at\/ueber-uns\/\">Webseite<\/a>. Au\u00dferdem kannst du dich jederzeit gerne unter <a href=\"mailto:unipress@oeh.cc\">unipress@oeh.cc<\/a> bei uns melden.<br \/>\n<strong>Greif zur UNIpress <\/strong>\u2013 und bleib am Puls von Campus, Stadt und Zeitgeschehen. Dein UNIpress-Team<\/p>\n<h5><strong>5) Perfekt f\u00fcr den Start ins Unileben: Informiert ins Studium am 29. &amp; 30.09.2025<\/strong><\/h5>\n<p><strong>Informiert ins Studium <\/strong>\u2013 die Infoveranstaltung f\u00fcr alle Erstsemestrigen!<\/p>\n<p>Die Universit\u00e4t Innsbruck und die \u00d6H unterst\u00fctzen dich beim Studienstart und geben dir einen kompakten \u00dcberblick vor Semesterbeginn. In Vortr\u00e4gen, Campustouren, Bibliotheksf\u00fchrungen und am INFO-Markt lernst du wichtige Anlaufstellen und Serviceeinrichtungen kennen und bekommst Antworten auf h\u00e4ufige Fragen. So startest du bestens vorbereitet ins Studium. Die Veranstaltung findet an zwei Tagen mit identischem Programm statt \u2013 such dir einfach den passenden Termin aus!<\/p>\n<p>Hard facts:<\/p>\n<ul>\n<li>Wann?: <strong> und 30. September<\/strong><\/li>\n<li>Wo?: \u00c1gnes-Heller-Haus, Innrain 52a, 6020 Innsbruck (einzelne F\u00fchrungen an anderen Standorten)<\/li>\n<\/ul>\n<p>Au\u00dferdem bieten die verschiedenen Fakult\u00e4tsvertretungen und Studienvertretungen studienspezifische <strong>Ersti-Tutorien <\/strong>an. Informiere dich am besten \u00fcber folgenden Link und\u00a0verpasse nicht die M\u00f6glichkeit, deine Kommiliton_innen bereits vor Semesterstart kennenzulernen.<br \/>\n<a href=\"https:\/\/www.oehweb.at\/en\/tutorium\/\"><strong>Tutorien<\/strong><\/a><\/p>\n<h5><strong>6) Kontakt\u00a0<\/strong><\/h5>\n<p>Webseite: <a href=\"https:\/\/www.oehweb.at\/en\/\">\u00d6H Innsbruck<\/a> Instagram: <a href=\"https:\/\/www.instagram.com\/oeh_innsbruck\/\">oeh_innsbruck<\/a><\/p>\n<p>Mail: <a href=\"mailto:sekretariat-oeh@uibk.ac.at\">sekretariat-oeh@uibk.ac.at<\/a> Telefon: +43 512 507-35505<\/p>\n<p>Oder du besuchst unser Sekretariat Montag bis Freitag in der Josef-Hirn-Stra\u00dfe 7 in Innsbruck von 9:00-12:00 Uhr<\/p>\n<p>Liebe Gr\u00fc\u00dfe,<br \/>\ndein \u00d6H Vorsitzteam<br \/>\n______________________________________<\/p>\n<p>Julian Herb, Anna Schramm und Gabriela Crnov<\/p>\n<p>Vorsitzteam der Hochsch\u00fclerinnen-<br \/>\nund Hochsch\u00fclerschaft<br \/>\nan der Universit\u00e4t Innsbruck<\/p>\n<p>&nbsp;<\/p>\n<p><em><strong>English version<\/strong><\/em><\/p>\n<p>Dear Students,<\/p>\n<p>We hope you&#8217;ve been enjoying your summer so far. Before the semester kicks off again, we&#8217;d like to introduce ourselves and present the services of the \u00d6H Uni Innsbruck. With our monthly newsletter, we&#8217;ll keep you up to date on our work &#8211; so you&#8217;ll always know what we&#8217;re advocating for and which events are coming up.<\/p>\n<p>Of course, we&#8217;re here for you without interruption even during the summer months!<\/p>\n<p><strong>Your \u00d6H Executive Team<\/strong><br \/>\n<strong>Julian Herb &#8211; Anna Schramm &#8211; Gabriela Crnov<\/strong><\/p>\n<p>1) Who we are &#8211; the new chair team and our goals<\/p>\n<p>2) \u00d6H services during the summer<\/p>\n<p>3) Studia<\/p>\n<p>4) UNIpress<\/p>\n<p>5) Perfect for starting university life: Informed into your studies on 29 &amp; 30 September 2025<\/p>\n<p>6) Contact<\/p>\n<h5><strong>1) Who we are &#8211; the new chair team and our goals<\/strong><\/h5>\n<p>Since July 1, we&#8217;ve been in office with a new team and coalition. Our executive team, consisting of Julian Herb, Anna Schramm, and Gabriela Crnov, has been working from day one for a service-oriented, sustainable, and socially just university. Together, we represent your interests towards the university, politics, and the public. Our common goal: making your student life even better! We&#8217;re excited to get started.<\/p>\n<h5><strong>2) \u00d6H services during the summer<\/strong><\/h5>\n<p>In addition to strong student representation, we place great importance on professional services. With our \u00d6H housing and job board, we support you in shaping your studies and everyday life in Innsbruck in the best possible way. You can find an overview of all our services on our website: <a href=\"https:\/\/www.oehweb.at\/en\/services\/\">https:\/\/www.oehweb.at\/services\/<\/a>.<\/p>\n<p>If you have any questions, concerns, or issues, you can always reach us by email or in person during our office hours &#8211; we&#8217;re happy to help and look forward to your visit!<\/p>\n<h5><strong>3) Studia<\/strong><\/h5>\n<p>Studia is the business arm of the \u00d6H Uni Innsbruck and supports you with everything you need for your studies. Whether copying, printing, binding, or academic literature &#8211; Studia offers it all in one place. You can also have your thesis professionally printed and bound here. With a location directly on campus and convenient online services, you stay flexible, save time, and also support a local business. There&#8217;s even an in-house bookbindery and publishing service if you&#8217;d like to publish your own work.<\/p>\n<p>More information: <a href=\"http:\/\/www.studia.at\">www.studia.at<\/a><\/p>\n<h5><strong>4) UNIpress<\/strong><\/h5>\n<p>UNIpress is the official student magazine of the \u00d6H Innsbruck. We cover university life in Innsbruck from a journalistic perspective and also write about politics, society, science, and culture. Our print edition is published twice per semester and is available free of charge at the University of Innsbruck &#8211; for example, in the various Studia branches, our free-standing UNIpress racks, or the university libraries at Innrain, Sowi, and the Agnes-Heller-Haus.<\/p>\n<p>Online, we publish two to three articles per week at <a href=\"http:\/\/www.unipress.at\">www.unipress.at<\/a> and on our Instagram account @unipress.innsbruck. Our latest issue explores the theme of Heroes: dive into interviews with Armin Wolf, Silvia Schneider, Toni Polster, and @josischreibt_, along with other contributions examining the concept of heroism from various perspectives. It&#8217;s already available &#8211; both in print and digitally in our archive: <a href=\"https:\/\/www.unipress.at\/ueber-uns\/archiv-2\/\">https:\/\/www.unipress.at\/ueber-uns\/archiv-2\/<\/a>.<br \/>\nOur editorial team unites students from different faculties and backgrounds &#8211; from first-years to master&#8217;s students.<\/p>\n<p>More information can be found at UNIpress. You can also reach us anytime at <a href=\"mailto:unipress@oeh.cc\">unipress@oeh.cc<\/a>.<\/p>\n<p>Pick up a UNIpress &#8211; and stay connected with campus, city, and current events.<\/p>\n<p>Your UNIpress Team<\/p>\n<h5><strong>5) Perfect for starting university life: Informed into your studies on 29 &amp; 30 September 2025<\/strong><\/h5>\n<p>Informed into your studies &#8211; the info event for all first-year students!<\/p>\n<p>The University of Innsbruck and the \u00d6H support you at the start of your studies by giving you a compact overview before the semester begins. In lectures, campus tours, library introductions, and at the INFO fair, you&#8217;ll get to know key contact points and services and receive answers to frequently asked questions. This way, you&#8217;ll be well-prepared to start your studies.<\/p>\n<p>The event takes place on two days with the same program &#8211; simply choose the date that suits you best!<\/p>\n<p>Hard facts:<\/p>\n<p>&#8211; When? September 29 and 30<\/p>\n<p>&#8211; Where? \u00c1gnes-Heller-Haus, Innrain 52a, 6020 Innsbruck (some tours at other locations)<\/p>\n<p>Additionally, the various faculty and program representatives offer subject-specific first-year tutorials. Check out this link for details and don&#8217;t miss the opportunity to meet your fellow students before the semester begins.<\/p>\n<p>You can find an overview of all first year tutorials here: <a href=\"https:\/\/www.oehweb.at\/en\/tutorium\/\">https:\/\/www.oehweb.at\/tutorium\/<\/a><\/p>\n<h5><strong>6) Contact<\/strong><\/h5>\n<p>Website \u00d6H Innsbruck: <a href=\"http:\/\/www.oehweb.at\/en\/\">www.oehweb.at<\/a><\/p>\n<p>Instagram: oeh_innsbruck<\/p>\n<p>Email: <a href=\"mailto:sekretariat-oeh@uibk.ac.at\">sekretariat-oeh@uibk.ac.at<\/a><\/p>\n<p>Phone: +43 512 507-35505<\/p>\n<p>Or visit our office Monday to Friday from 9:00-12:00 at Josef-Hirn-Stra\u00dfe 7, Innsbruck.<\/p>\n<p>Best regards,<br \/>\nYour \u00d6H Executive Team<br \/>\n______________________________________<\/p>\n<p>Julian Herb, Anna Schramm, Gabriela Crnov<\/p>\n<p>Vorsitzteam der Hochsch\u00fclerinnen-<br \/>\nund Hochsch\u00fclerschaft<br \/>\nan der Universit\u00e4t Innsbruck<\/p>\n<p>&nbsp;<\/p>","protected":false},"excerpt":{"rendered":"<p>Liebe Studierende, Wir hoffen, ihr k\u00f6nnt euren Sommer bisher genie\u00dfen. Bevor das Semester wieder startet, m\u00f6chten wir uns bei euch vorstellen und euch die Serviceleistungen der \u00d6H Uni Innsbruck n\u00e4herbringen. Mit unserem monatlichen Newsletter halten wir euch \u00fcber unsere Arbeit stets auf dem Laufenden \u2013 damit ihr immer wisst, wof\u00fcr wir uns einsetzen und welche [&hellip;]<\/p>\n","protected":false},"author":5,"featured_media":1609,"comment_status":"closed","ping_status":"closed","sticky":false,"template":"","format":"standard","meta":{"inline_featured_image":false,"footnotes":""},"categories":[1],"tags":[],"class_list":["post-10597","post","type-post","status-publish","format-standard","has-post-thumbnail","hentry","category-allgemein"],"yoast_head":"<!-- This site is optimized with the Yoast SEO plugin v21.8.1 - https:\/\/yoast.com\/wordpress\/plugins\/seo\/ -->\n<title>Newsletter September 2025 - \u00d6H Innsbruck<\/title>\n<meta name=\"robots\" content=\"index, follow, max-snippet:-1, max-image-preview:large, max-video-preview:-1\" \/>\n<link rel=\"canonical\" href=\"https:\/\/www.oehweb.at\/en\/newsletter-september-2025\/\" \/>\n<meta property=\"og:locale\" content=\"en_GB\" \/>\n<meta property=\"og:type\" content=\"article\" \/>\n<meta property=\"og:title\" content=\"Newsletter September 2025 - \u00d6H Innsbruck\" \/>\n<meta property=\"og:description\" content=\"Liebe Studierende, Wir hoffen, ihr k\u00f6nnt euren Sommer bisher genie\u00dfen. Bevor das Semester wieder startet, m\u00f6chten wir uns bei euch vorstellen und euch die Serviceleistungen der \u00d6H Uni Innsbruck n\u00e4herbringen. Mit unserem monatlichen Newsletter halten wir euch \u00fcber unsere Arbeit stets auf dem Laufenden \u2013 damit ihr immer wisst, wof\u00fcr wir uns einsetzen und welche [&hellip;]\" \/>\n<meta property=\"og:url\" content=\"https:\/\/www.oehweb.at\/en\/newsletter-september-2025\/\" \/>\n<meta property=\"og:site_name\" content=\"\u00d6H Innsbruck\" \/>\n<meta property=\"article:published_time\" content=\"2025-09-08T09:10:37+00:00\" \/>\n<meta property=\"article:modified_time\" content=\"2025-09-08T09:48:30+00:00\" \/>\n<meta property=\"og:image\" content=\"https:\/\/www.oehweb.at\/wp-content\/uploads\/2021\/03\/Newsletter-1.jpg\" \/>\n\t<meta property=\"og:image:width\" content=\"1280\" \/>\n\t<meta property=\"og:image:height\" content=\"960\" \/>\n\t<meta property=\"og:image:type\" content=\"image\/jpeg\" \/>\n<meta name=\"author\" content=\"OEH Innsbruck\" \/>\n<meta name=\"twitter:card\" content=\"summary_large_image\" \/>\n<meta name=\"twitter:label1\" content=\"Written by\" \/>\n\t<meta name=\"twitter:data1\" content=\"OEH Innsbruck\" \/>\n\t<meta name=\"twitter:label2\" content=\"Estimated reading time\" \/>\n\t<meta name=\"twitter:data2\" content=\"9 minutes\" \/>\n<script type=\"application\/ld+json\" class=\"yoast-schema-graph\">{\"@context\":\"https:\/\/schema.org\",\"@graph\":[{\"@type\":\"Article\",\"@id\":\"https:\/\/www.oehweb.at\/newsletter-september-2025\/#article\",\"isPartOf\":{\"@id\":\"https:\/\/www.oehweb.at\/newsletter-september-2025\/\"},\"author\":{\"name\":\"OEH Innsbruck\",\"@id\":\"https:\/\/www.oehweb.at\/#\/schema\/person\/70c69413dd3501c0c40fbc1430d34564\"},\"headline\":\"Newsletter September 2025\",\"datePublished\":\"2025-09-08T09:10:37+00:00\",\"dateModified\":\"2025-09-08T09:48:30+00:00\",\"mainEntityOfPage\":{\"@id\":\"https:\/\/www.oehweb.at\/newsletter-september-2025\/\"},\"wordCount\":1544,\"publisher\":{\"@id\":\"https:\/\/www.oehweb.at\/#organization\"},\"articleSection\":[\"Allgemein\"],\"inLanguage\":\"en-GB\"},{\"@type\":\"WebPage\",\"@id\":\"https:\/\/www.oehweb.at\/newsletter-september-2025\/\",\"url\":\"https:\/\/www.oehweb.at\/newsletter-september-2025\/\",\"name\":\"Newsletter September 2025 - \u00d6H Innsbruck\",\"isPartOf\":{\"@id\":\"https:\/\/www.oehweb.at\/#website\"},\"datePublished\":\"2025-09-08T09:10:37+00:00\",\"dateModified\":\"2025-09-08T09:48:30+00:00\",\"breadcrumb\":{\"@id\":\"https:\/\/www.oehweb.at\/newsletter-september-2025\/#breadcrumb\"},\"inLanguage\":\"en-GB\",\"potentialAction\":[{\"@type\":\"ReadAction\",\"target\":[\"https:\/\/www.oehweb.at\/newsletter-september-2025\/\"]}]},{\"@type\":\"BreadcrumbList\",\"@id\":\"https:\/\/www.oehweb.at\/newsletter-september-2025\/#breadcrumb\",\"itemListElement\":[{\"@type\":\"ListItem\",\"position\":1,\"name\":\"Home\",\"item\":\"https:\/\/www.oehweb.at\/\"},{\"@type\":\"ListItem\",\"position\":2,\"name\":\"Newsletter September 2025\"}]},{\"@type\":\"WebSite\",\"@id\":\"https:\/\/www.oehweb.at\/#website\",\"url\":\"https:\/\/www.oehweb.at\/\",\"name\":\"\u00d6H Innsbruck\",\"description\":\"Wir sind die \u00d6sterreichische Hochsch\u00fclerInnenschaft an der Universit\u00e4t Innsbruck\",\"publisher\":{\"@id\":\"https:\/\/www.oehweb.at\/#organization\"},\"potentialAction\":[{\"@type\":\"SearchAction\",\"target\":{\"@type\":\"EntryPoint\",\"urlTemplate\":\"https:\/\/www.oehweb.at\/?s={search_term_string}\"},\"query-input\":\"required name=search_term_string\"}],\"inLanguage\":\"en-GB\"},{\"@type\":\"Organization\",\"@id\":\"https:\/\/www.oehweb.at\/#organization\",\"name\":\"\u00d6H Innsrbruck\",\"url\":\"https:\/\/www.oehweb.at\/\",\"logo\":{\"@type\":\"ImageObject\",\"inLanguage\":\"en-GB\",\"@id\":\"https:\/\/www.oehweb.at\/#\/schema\/logo\/image\/\",\"url\":\"https:\/\/www.oehweb.at\/wp-content\/uploads\/2020\/11\/OEH-Innsbruck-Logo.svg\",\"contentUrl\":\"https:\/\/www.oehweb.at\/wp-content\/uploads\/2020\/11\/OEH-Innsbruck-Logo.svg\",\"width\":448,\"height\":255,\"caption\":\"\u00d6H Innsrbruck\"},\"image\":{\"@id\":\"https:\/\/www.oehweb.at\/#\/schema\/logo\/image\/\"}},{\"@type\":\"Person\",\"@id\":\"https:\/\/www.oehweb.at\/#\/schema\/person\/70c69413dd3501c0c40fbc1430d34564\",\"name\":\"OEH Innsbruck\",\"image\":{\"@type\":\"ImageObject\",\"inLanguage\":\"en-GB\",\"@id\":\"https:\/\/www.oehweb.at\/#\/schema\/person\/image\/\",\"url\":\"https:\/\/secure.gravatar.com\/avatar\/bda643763d9c226f03befc6c02f867711d0de81b896dff2747848e543a1de895?s=96&d=mm&r=g\",\"contentUrl\":\"https:\/\/secure.gravatar.com\/avatar\/bda643763d9c226f03befc6c02f867711d0de81b896dff2747848e543a1de895?s=96&d=mm&r=g\",\"caption\":\"OEH Innsbruck\"}}]}<\/script>\n<!-- \/ Yoast SEO plugin. -->","yoast_head_json":{"title":"Newsletter September 2025 - \u00d6H Innsbruck","robots":{"index":"index","follow":"follow","max-snippet":"max-snippet:-1","max-image-preview":"max-image-preview:large","max-video-preview":"max-video-preview:-1"},"canonical":"https:\/\/www.oehweb.at\/en\/newsletter-september-2025\/","og_locale":"en_GB","og_type":"article","og_title":"Newsletter September 2025 - \u00d6H Innsbruck","og_description":"Liebe Studierende, Wir hoffen, ihr k\u00f6nnt euren Sommer bisher genie\u00dfen. Bevor das Semester wieder startet, m\u00f6chten wir uns bei euch vorstellen und euch die Serviceleistungen der \u00d6H Uni Innsbruck n\u00e4herbringen. Mit unserem monatlichen Newsletter halten wir euch \u00fcber unsere Arbeit stets auf dem Laufenden \u2013 damit ihr immer wisst, wof\u00fcr wir uns einsetzen und welche [&hellip;]","og_url":"https:\/\/www.oehweb.at\/en\/newsletter-september-2025\/","og_site_name":"\u00d6H Innsbruck","article_published_time":"2025-09-08T09:10:37+00:00","article_modified_time":"2025-09-08T09:48:30+00:00","og_image":[{"width":1280,"height":960,"url":"https:\/\/www.oehweb.at\/wp-content\/uploads\/2021\/03\/Newsletter-1.jpg","type":"image\/jpeg"}],"author":"OEH Innsbruck","twitter_card":"summary_large_image","twitter_misc":{"Written by":"OEH Innsbruck","Estimated reading time":"9 minutes"},"schema":{"@context":"https:\/\/schema.org","@graph":[{"@type":"Article","@id":"https:\/\/www.oehweb.at\/newsletter-september-2025\/#article","isPartOf":{"@id":"https:\/\/www.oehweb.at\/newsletter-september-2025\/"},"author":{"name":"OEH Innsbruck","@id":"https:\/\/www.oehweb.at\/#\/schema\/person\/70c69413dd3501c0c40fbc1430d34564"},"headline":"Newsletter September 2025","datePublished":"2025-09-08T09:10:37+00:00","dateModified":"2025-09-08T09:48:30+00:00","mainEntityOfPage":{"@id":"https:\/\/www.oehweb.at\/newsletter-september-2025\/"},"wordCount":1544,"publisher":{"@id":"https:\/\/www.oehweb.at\/#organization"},"articleSection":["Allgemein"],"inLanguage":"en-GB"},{"@type":"WebPage","@id":"https:\/\/www.oehweb.at\/newsletter-september-2025\/","url":"https:\/\/www.oehweb.at\/newsletter-september-2025\/","name":"Newsletter September 2025 - \u00d6H Innsbruck","isPartOf":{"@id":"https:\/\/www.oehweb.at\/#website"},"datePublished":"2025-09-08T09:10:37+00:00","dateModified":"2025-09-08T09:48:30+00:00","breadcrumb":{"@id":"https:\/\/www.oehweb.at\/newsletter-september-2025\/#breadcrumb"},"inLanguage":"en-GB","potentialAction":[{"@type":"ReadAction","target":["https:\/\/www.oehweb.at\/newsletter-september-2025\/"]}]},{"@type":"BreadcrumbList","@id":"https:\/\/www.oehweb.at\/newsletter-september-2025\/#breadcrumb","itemListElement":[{"@type":"ListItem","position":1,"name":"Home","item":"https:\/\/www.oehweb.at\/"},{"@type":"ListItem","position":2,"name":"Newsletter September 2025"}]},{"@type":"WebSite","@id":"https:\/\/www.oehweb.at\/#website","url":"https:\/\/www.oehweb.at\/","name":"\u00d6H Innsbruck","description":"Wir sind die \u00d6sterreichische Hochsch\u00fclerInnenschaft an der Universit\u00e4t Innsbruck","publisher":{"@id":"https:\/\/www.oehweb.at\/#organization"},"potentialAction":[{"@type":"SearchAction","target":{"@type":"EntryPoint","urlTemplate":"https:\/\/www.oehweb.at\/?s={search_term_string}"},"query-input":"required name=search_term_string"}],"inLanguage":"en-GB"},{"@type":"Organization","@id":"https:\/\/www.oehweb.at\/#organization","name":"\u00d6H Innsrbruck","url":"https:\/\/www.oehweb.at\/","logo":{"@type":"ImageObject","inLanguage":"en-GB","@id":"https:\/\/www.oehweb.at\/#\/schema\/logo\/image\/","url":"https:\/\/www.oehweb.at\/wp-content\/uploads\/2020\/11\/OEH-Innsbruck-Logo.svg","contentUrl":"https:\/\/www.oehweb.at\/wp-content\/uploads\/2020\/11\/OEH-Innsbruck-Logo.svg","width":448,"height":255,"caption":"\u00d6H Innsrbruck"},"image":{"@id":"https:\/\/www.oehweb.at\/#\/schema\/logo\/image\/"}},{"@type":"Person","@id":"https:\/\/www.oehweb.at\/#\/schema\/person\/70c69413dd3501c0c40fbc1430d34564","name":"OEH Innsbruck","image":{"@type":"ImageObject","inLanguage":"en-GB","@id":"https:\/\/www.oehweb.at\/#\/schema\/person\/image\/","url":"https:\/\/secure.gravatar.com\/avatar\/bda643763d9c226f03befc6c02f867711d0de81b896dff2747848e543a1de895?s=96&d=mm&r=g","contentUrl":"https:\/\/secure.gravatar.com\/avatar\/bda643763d9c226f03befc6c02f867711d0de81b896dff2747848e543a1de895?s=96&d=mm&r=g","caption":"OEH Innsbruck"}}]}},"_links":{"self":[{"href":"https:\/\/www.oehweb.at\/en\/wp-json\/wp\/v2\/posts\/10597","targetHints":{"allow":["GET"]}}],"collection":[{"href":"https:\/\/www.oehweb.at\/en\/wp-json\/wp\/v2\/posts"}],"about":[{"href":"https:\/\/www.oehweb.at\/en\/wp-json\/wp\/v2\/types\/post"}],"author":[{"embeddable":true,"href":"https:\/\/www.oehweb.at\/en\/wp-json\/wp\/v2\/users\/5"}],"replies":[{"embeddable":true,"href":"https:\/\/www.oehweb.at\/en\/wp-json\/wp\/v2\/comments?post=10597"}],"version-history":[{"count":7,"href":"https:\/\/www.oehweb.at\/en\/wp-json\/wp\/v2\/posts\/10597\/revisions"}],"predecessor-version":[{"id":10604,"href":"https:\/\/www.oehweb.at\/en\/wp-json\/wp\/v2\/posts\/10597\/revisions\/10604"}],"wp:featuredmedia":[{"embeddable":true,"href":"https:\/\/www.oehweb.at\/en\/wp-json\/wp\/v2\/media\/1609"}],"wp:attachment":[{"href":"https:\/\/www.oehweb.at\/en\/wp-json\/wp\/v2\/media?parent=10597"}],"wp:term":[{"taxonomy":"category","embeddable":true,"href":"https:\/\/www.oehweb.at\/en\/wp-json\/wp\/v2\/categories?post=10597"},{"taxonomy":"post_tag","embeddable":true,"href":"https:\/\/www.oehweb.at\/en\/wp-json\/wp\/v2\/tags?post=10597"}],"curies":[{"name":"wp","href":"https:\/\/api.w.org\/{rel}","templated":true}]}}