{"id":10723,"date":"2025-10-01T09:40:46","date_gmt":"2025-10-01T07:40:46","guid":{"rendered":"https:\/\/www.oehweb.at\/?p=10723"},"modified":"2025-10-01T10:18:33","modified_gmt":"2025-10-01T08:18:33","slug":"newsletter-oktober-2025","status":"publish","type":"post","link":"https:\/\/www.oehweb.at\/en\/newsletter-oktober-2025\/","title":{"rendered":"Newsletter Oktober 2025"},"content":{"rendered":"<p>Dear students,<\/p>\n<p>Das neue Semester beginnt heute &#8211; und somit erwarten euch auch neben dem Studium spannende Veranstaltungen, n\u00fctzliche Infos und tolle M\u00f6glichkeiten zum Mitmachen. Damit ihr bestens informiert seid, haben wir euch die wichtigsten Termine und Angebote im Oktober zusammengestellt:<\/p>\n<p>1.)\u00a0\u00a0\u00a0\u00a0\u00a0\u00a0\u00a0\u00a0\u00a0 Achtung vor Betrug bei der Wohnungssuche!<br \/>\n2.)\u00a0\u00a0\u00a0\u00a0\u00a0\u00a0\u00a0\u00a0\u00a0 Mensabon ab heute verf\u00fcgbar!<br \/>\n3.)\u00a0\u00a0\u00a0\u00a0\u00a0\u00a0\u00a0\u00a0\u00a0 \u00d6H-Beitrag einzahlen bis 31.10.25<br \/>\n4.)\u00a0\u00a0\u00a0\u00a0\u00a0\u00a0\u00a0\u00a0\u00a0 unsere Veranstaltungen im Oktober<br \/>\na.)\u00a0\u00a0\u00a0\u00a0\u00a0\u00a0\u00a0\u00a0\u00a0 Rabattaktion im Wams mit Aktionstag<br \/>\nb.)\u00a0\u00a0\u00a0\u00a0\u00a0\u00a0\u00a0\u00a0\u00a0 Umweltfreundlicher Stadtrundgang f\u00fcr Studierende<br \/>\nc.)\u00a0\u00a0\u00a0\u00a0\u00a0\u00a0\u00a0\u00a0\u00a0\u00a0 Queer-Brunch<br \/>\n5.)\u00a0\u00a0\u00a0\u00a0\u00a0\u00a0\u00a0\u00a0\u00a0 Aktiv gegen Migr\u00e4ne am 09.10.25<br \/>\n6.)\u00a0\u00a0\u00a0\u00a0\u00a0\u00a0\u00a0\u00a0\u00a0 Semesteropening am 15.10.25 &#8211; Vorverkaufsstart ab 06.10.25<br \/>\n7.)\u00a0\u00a0\u00a0\u00a0\u00a0\u00a0\u00a0\u00a0\u00a0 Lawinenkurse f\u00fcr mehr Sicherheit im kommenden Winter!<br \/>\n8.)\u00a0\u00a0\u00a0\u00a0\u00a0\u00a0\u00a0\u00a0\u00a0 Werde Student-Ambassador!<\/p>\n<p>Wir freuen uns, euch bei dem ein oder anderen Event zu sehen!<\/p>\n<p><strong>Euer Vorsitzteam<br \/>\n<\/strong><strong>Julian Herb &#8211; Anna Schramm &#8211; Gabriela Crnov<\/strong><\/p>\n<p>&#8212;<\/p>\n<p><strong>1.) Achtung vor Betrug bei der Wohnungssuche!<\/strong><\/p>\n<p>Da viele von euch derzeit noch auf der Suche nach einer Wohnung sind, m\u00f6chten wir euch auf ein aktuelles Problem aufmerksam machen: Derzeit sind vermehrt Wohnungsbetr\u00fcger unterwegs.<\/p>\n<p>Unsere dringende Bitte an euch:<\/p>\n<p>Gebt vor einer tats\u00e4chlichen Wohnungsbesichtigung keine pers\u00f6nlichen Daten (z. B. Ausweisdokumente) heraus und \u00fcberweist auf keinen Fall Geld f\u00fcr Kaution oder erste Miete.<\/p>\n<p>Bitte meldet euch bei uns, falls euch ein solcher Fall bekannt sein sollte oder ihr selbst betroffen seid.<\/p>\n<p>&#8212;<\/p>\n<p><strong>2.) Mensabon ab heute wieder verf\u00fcgbar!<\/strong><\/p>\n<p>Ab heute k\u00f6nnt ihr euch den \u00d6H-Mensabon im Wert von EUR 2 wieder bei uns im \u00d6H-Sekretariat (Josef-Hirn Stra\u00dfe 7) holen!<\/p>\n<p>Mit dem Bon spart ihr euch jeden Tag EUR 2 beim Essen &#8211; einl\u00f6sbar in der UniLounge am Campus Innrain und der Mensa Technik. Und ab 06.10.2025 auch in der neuen Sowi Lounge.<\/p>\n<p>Also nutzt die Chance und beantragt euren Mensabon, um euch ein g\u00fcnstigeres Essen am Campus zu g\u00f6nnen!<\/p>\n<p>&#8212;<\/p>\n<p><strong>3.) \u00d6H-Beitrag einzahlen bis 31.10.25<\/strong><\/p>\n<p>Nicht vergessen: Der \u00d6H-Beitrag (EUR 25,20 pro Semester inkl. Unfall- und Haftpflichtversicherung) muss bis sp\u00e4testens 31.10. eingezahlt werden. Wer den Beitrag nicht fristgerecht einzahlt, wird automatisch exmatrikuliert.<\/p>\n<p>Also friendly reminder: schnell \u00fcberweisen, Studium sichern und entspannt ins neue Semester starten!<\/p>\n<p>&#8212;<\/p>\n<p><strong>4.) unsere Veranstaltungen im Oktober<\/strong><\/p>\n<p>&#8211; Rabattaktion im WAMS (Innrain 30b)<\/p>\n<p>Vom 29.09. bis 11.10.2025 erhalten alle Studierende bei ihrem Einkauf im WAMS einen Rabatt von 5 Euro.<\/p>\n<p>Zus\u00e4tzlich findet am 08.10.2025 ein gemeinsamer Aktionstag statt:<br \/>\nNeben dem Rabatt gibt es an diesem Tag auch kleine Goodies.<\/p>\n<p>&#8211; Umweltfreundlicher Stadtrundgang f\u00fcr Studierende<\/p>\n<p>Das Nachhaltigkeitsreferat organisiert am 09.10.2025 einen umweltfreundlichen Stadtrundgang. Eingeladen sind vor allem Erstsemestrige, aber auch alle anderen interessierten Studierenden. Gemeinsam besuchen wir nachhaltige Orte in Innsbruck, unter anderem Unbound Coffee, Denn&#8217;s Bioladen, das WAMS, die Markthalle, Speis von Morgen und die Diele.<\/p>\n<p>Start: 10:30 Uhr bei der ULB<\/p>\n<p>Anmeldung bis: 06.10.2025<\/p>\n<p>Extras: Im Anschluss besteht die M\u00f6glichkeit, gemeinsam essen zu gehen.<\/p>\n<p>Anmeldung unter: <a href=\"https:\/\/docs.google.com\/forms\/d\/e\/1FAIpQLScq0JmoLzZ0G9vIcl5b_KdmZn22fiUIOmWXVjKAMfdK-U8VhA\/viewform\">https:\/\/docs.google.com\/forms\/d\/e\/1FAIpQLScq0JmoLzZ0G9vIcl5b_KdmZn22fiUIOmWXVjKAMfdK-U8VhA\/viewform<\/a><\/p>\n<p>&#8211; Queer Brunch am 23. Oktober<\/p>\n<p>Kommt vorbei und startet mit uns gem\u00fctlich in den Tag!<\/p>\n<p>Von 9:00-13:00 Uhr laden wir euch herzlich in den SOFA-Raum (Josef-Hirn-Stra\u00dfe 7, erster Stock) ein, um bei leckerem Brunch in entspannter Atmosph\u00e4re miteinander ins Gespr\u00e4ch zu kommen. Egal ob ihr schon lange Teil der Community seid, euch erst orientiert oder einfach offen und neugierig seid &#8211; alle sind willkommen!<\/p>\n<p>Nutze die Gelegenheit, neue Leute kennenzulernen, sich auszutauschen oder einfach eine gute Zeit zu haben. Wir freuen uns auf euch!<\/p>\n<p>&#8212;<\/p>\n<p><strong>5.) Aktiv gegen Migr\u00e4ne am 09.10.25<\/strong><\/p>\n<p>Migr\u00e4ne im Studium? Am 9. Oktober 2025 kommt das \u00d6GGK Health Mobil mit der Tour &#8222;Aktiv gegen Migr\u00e4ne&#8220; direkt vor die Uni Innsbruck. Dort kannst du dir kostenlos Tipps von \u00c4rzt_innen holen, eine Erstdiagnose abkl\u00e4ren lassen und physiotherapeutische \u00dcbungen ausprobieren, die Migr\u00e4ne vorbeugen und Schmerzen lindern. Das Angebot ist unkompliziert, kostenlos und ohne Anmeldung &#8211; schau einfach vorbei und hol dir Unterst\u00fctzung f\u00fcr mehr Wohlbefinden im Uni-Alltag! Alle Infos und weitere Tour-Stops findest du auf: <a href=\"https:\/\/www.oeggk.at\/aktiv-gegen-migraene\">https:\/\/www.oeggk.at\/aktiv-gegen-migraene<\/a><\/p>\n<p>&#8212;<\/p>\n<p><strong>6.) Semesteropening am 15.10.25 &#8211; Vorverkaufsstart ab 06.10.25<\/strong><\/p>\n<p>Info Semesteropening 15. Oktober 2025<\/p>\n<p>Wo: Congress Innsbruck<\/p>\n<p>Campus Tickets f\u00fcr das Semesteropening &#8211; Spread the word!<\/p>\n<p>Der Ticketvorverkauf f\u00fcr das Semesteropening startet am Montag den 6. Oktober um 10:00 Uhr an den nachfolgenden Standorten. F\u00fcr den Kauf eines Tickets ist ein g\u00fcltiger Studierendenausweis oder Inskriptionsnachweis vorzuweisen.<\/p>\n<p>&#8211;\u00a0\u00a0\u00a0\u00a0\u00a0\u00a0\u00a0\u00a0\u00a0\u00a0\u00a0\u00a0\u00a0 Studierende k\u00f6nnen ihre Tickets an folgenden 4 Standorten erwerben:<\/p>\n<p>&#8211;\u00a0\u00a0\u00a0\u00a0\u00a0\u00a0\u00a0\u00a0\u00a0\u00a0\u00a0\u00a0\u00a0 Campus Sowi @fv_sowi_ibk<\/p>\n<p>&#8211;\u00a0\u00a0\u00a0\u00a0\u00a0\u00a0\u00a0\u00a0\u00a0\u00a0\u00a0\u00a0\u00a0 Hauptuni im Altbau FV JUS @fv_jus_ibk<\/p>\n<p>&#8211;\u00a0\u00a0\u00a0\u00a0\u00a0\u00a0\u00a0\u00a0\u00a0\u00a0\u00a0\u00a0\u00a0 Campus CCB bei der @stv_pharmazie_innsbruck<\/p>\n<p>&#8211;\u00a0\u00a0\u00a0\u00a0\u00a0\u00a0\u00a0\u00a0\u00a0\u00a0\u00a0\u00a0\u00a0 Campus Technik @natwi_technik<\/p>\n<p>An der LFU ist die Zahlung nur mit Bankomatkarte m\u00f6glich.<\/p>\n<p>Sollte es Unklarheiten geben, schreibt uns gerne eine Nachricht! @semesteropening_ibk<\/p>\n<p>&#8212;<\/p>\n<p><strong>7.) Lawinenkurse f\u00fcr mehr Sicherheit im kommenden Winter!<\/strong><\/p>\n<p>Lawinenkurse bei der Alpine Safety Academy &#8211; Sicherheit lernen, wo sie z\u00e4hlt!<\/p>\n<p>Die Alpine Safety Academy ist ein gemeinn\u00fctziger Verein aus Tirol und bietet praxisnahe Kurse in Lawinenkunde, Notfallmanagement, Spaltenbergung, Klettern und Mountainbike. Mit klarer Kursstruktur &#8211; vom Einsteiger bis zum Fortgeschrittenen &#8211; stehen besonders die Lawinen- und Skitourenkurse im Fokus.<\/p>\n<p>Studierende profitieren von stark verg\u00fcnstigten Kurspl\u00e4tzen, kleinen Gruppen und Rabatten bei ausgew\u00e4hlten Partner-Brands.<\/p>\n<p>Jetzt Platz sichern und fit in den Winter starten: Alpine Safety Academy | Bergsport- &amp; Lawinenkurse in Tirol. Link: <a href=\"https:\/\/alpine-safety.org\/\">https:\/\/alpine-safety.org\/<\/a><\/p>\n<p>&#8212;<\/p>\n<p><strong>8.) Werde Aurora-Student-Ambassador!<\/strong><\/p>\n<p>Aurora sucht dich!<\/p>\n<p>Werde Aurora Student Ambassador im Studienjahr 2025\/26 Du willst Studierende aus ganz Europa kennenlernen, an zukunftsrelevanten Themen mitarbeiten und deine Skills st\u00e4rken? Dann bist du hier genau richtig!<\/p>\n<p>Was dich erwartet:<\/p>\n<p>&#8211; Internationale Projektarbeit zu Themen wie Nachhaltigkeit, Digitalisierung &amp; Gesundheit<\/p>\n<p>&#8211; Flexible Mitarbeit im Team oder eigenst\u00e4ndig<\/p>\n<p>&#8211; Spannende Events wie die Aurora Student Conference 2026 in Island<\/p>\n<p>&#8211; Mitarbeit in Task Teams mit internationalen Fachexpert_innen<\/p>\n<p>Jetzt anmelden bis 31. Oktober 2025<\/p>\n<p>Mehr Infos: <a href=\"https:\/\/www.uibk.ac.at\/de\/international\/aurora\/news\/aurora-sucht-dich-aurora-student-ambassador-programm-202526-jetz\/\">https:\/\/www.uibk.ac.at\/de\/international\/aurora\/news\/aurora-sucht-dich-aurora-student-ambassador-programm-202526-jetz\/<\/a><\/p>\n<p>&#8212;<\/p>\n<h4>Liebe Gr\u00fc\u00dfe,<br \/>\ndein \u00d6H Vorsitzteam<\/h4>\n<h4>______________________________________<\/h4>\n<h4>Julian Herb, Anna Schramm, Gabriela Crnov<\/h4>\n<h4>Vorsitzteam der Hochsch\u00fclerinnen-\u00a0und Hochsch\u00fclerschaft<br \/>\nan der Universit\u00e4t Innsbruck<\/h4>\n<p>&nbsp;<\/p>\n<p>englisch Version<\/p>\n<p>Dear Students,<\/p>\n<p>The new semester starts today &#8211; and alongside your studies, you can also look forward to exciting events, useful information, and great opportunities to get involved. To make sure you&#8217;re well informed, we&#8217;ve put together the most important dates and offers for October:<\/p>\n<p>1) Beware of fraud when looking for housing!<br \/>\n2) Canteen voucher available from today!<br \/>\n3) Pay your \u00d6H contribution by 31.10.2025<br \/>\n4) Our events in October<br \/>\na) Discount campaign at Wams with special action day<br \/>\nb) Eco-friendly city tour for students<br \/>\nc) Queer Brunch<br \/>\n5) Active Against Migraine on 09.10.2025<br \/>\n6) Semester Opening on 15.10.2025 &#8211; presale starts 06.10.2025<br \/>\n7) Avalanche courses for more safety this winter!<br \/>\n8) Become a Student Ambassador!<\/p>\n<p>We&#8217;re looking forward to seeing you at some of the events!<\/p>\n<p>Your chair team<br \/>\nJulian Herb &#8211; Anna Schramm &#8211; Gabriela Crnov<\/p>\n<p>&#8212;<\/p>\n<p>1) Beware of fraud when looking for housing!<\/p>\n<p>Since many of you are still searching for an apartment, we want to raise awareness about a current problem: there are more and more housing scams happening right now.<\/p>\n<p>Our urgent advice:<br \/>\nDo not share personal information (e.g., ID documents) before an in-person viewing and never transfer money for a deposit or first month&#8217;s rent in advance.<\/p>\n<p>Please reach out to us if you encounter such a case or if you&#8217;re affected yourself.<\/p>\n<p>&#8212;<\/p>\n<p>2) Canteen voucher available from today!<\/p>\n<p>Starting today, you can get the \u00d6H Canteen voucher worth EUR 2 at our \u00d6H office (Josef-Hirn-Stra\u00dfe 7)!<br \/>\nWith this voucher, you save EUR 2 per meal every day &#8211; redeemable at the UniLounge on Campus Innrain and at the Mensa Technik. Starting 06.10.2025, also at the new Sowi Lounge.<\/p>\n<p>So take the chance and get your Canteen voucher to enjoy cheaper meals on campus!<\/p>\n<p>&#8212;<\/p>\n<p>3) Pay your \u00d6H contribution by 31.10.2025<\/p>\n<p>Don&#8217;t forget: The \u00d6H contribution (EUR 25.20 per semester incl. accident and liability insurance) must be paid by 31 October 2025 at the latest. Students who fail to pay on time are automatically deregistered.<\/p>\n<p>So, a friendly reminder: transfer quickly, secure your studies, and start the new semester stress-free!<\/p>\n<p>&#8212;<\/p>\n<p>4) Our events in October<\/p>\n<p>&#8211; Discount campaign at WAMS (Innrain 30b)<\/p>\n<p>From 29.09.-11.10.2025, all students receive a EUR 5 discount on their purchase at WAMS.<\/p>\n<p>Additionally, on 08.10.2025, there will be a joint action day with discounts and small goodies.<\/p>\n<p>&#8211; Eco-friendly city tour for students<\/p>\n<p>Our Sustainability Department is organizing an eco-friendly city tour on 09.10.2025. Especially first-semester students are invited, but all interested students are welcome. Together, we&#8217;ll visit sustainable places in Innsbruck, including Unbound Coffee, Denn&#8217;s Bioladen, WAMS, the market hall, Speis von Morgen, and Diele.<\/p>\n<p>&#8211; Start: 10:30 am at the ULB<br \/>\n&#8211; Registration deadline: 06.10.2025<br \/>\n&#8211; Extra: Afterwards, there will be the opportunity to eat together.<\/p>\n<p>Register here: <a href=\"https:\/\/docs.google.com\/forms\/d\/e\/1FAIpQLScq0JmoLzZ0G9vIcl5b_KdmZn22fiUIOmWXVjKAMfdK-U8VhA\/viewform\">https:\/\/docs.google.com\/forms\/d\/e\/1FAIpQLScq0JmoLzZ0G9vIcl5b_KdmZn22fiUIOmWXVjKAMfdK-U8VhA\/viewform<\/a><\/p>\n<p>&#8211; Queer Brunch on 23 October<\/p>\n<p>Come by and start the day with us in a cozy atmosphere!<br \/>\nFrom 9:00 am to 1:00 pm, we warmly invite you to the SOFA room (Josef-Hirn-Stra\u00dfe 7, first floor) to enjoy a delicious brunch in a relaxed setting. Whether you&#8217;ve long been part of the community, are still finding your way, or are simply open and curious &#8211; everyone is welcome!<\/p>\n<p>Take the chance to meet new people, exchange experiences, or simply have a good time. We look forward to seeing you!<\/p>\n<p>&#8212;<\/p>\n<p>5) Active Against Migraine on 09.10.2025<\/p>\n<p>Migraines during your studies? On 9 October 2025, the \u00d6GGK Health Mobile will stop right in front of the University of Innsbruck with the tour &#8222;Active Against Migraine.&#8220; There, you can get free tips from doctors, receive an initial diagnosis, and try physiotherapy exercises that help prevent migraines and relieve pain.<\/p>\n<p>This offer is free, simple, and requires no registration &#8211; just drop by and get support for more well-being in your daily uni life! More info and tour stops: <a href=\"https:\/\/www.oeggk.at\/aktiv-gegen-migraene\/\">www.oeggk.at\/aktiv-gegen-migraene<\/a><\/p>\n<p>&#8212;<\/p>\n<p>6) Semester Opening on 15.10.2025 &#8211; presale starts 06.10.2025<\/p>\n<p>Ticketsale for this year&#8217;s big Semesteropening Event with over 3,5k students will take place on 15th of October at Congress Center Innsbruck. Ticket sale will start on Monday the 6th of October at 10:00 in the following locations mentioned below. Last time tickets were sold within 30 minutes so better be quick. Payments are only possible by card.<\/p>\n<p>All Students studying at the University of Innsbruck LFU will be able to purchase their tickets in the following 4 locations for EUR 12.<br \/>\n&#8211; FV SOWI @fv_sowi_ibk<br \/>\n&#8211; FV JUS @fv_jus_ibk<br \/>\n&#8211; FV Natwi Technik @natwi_technik<br \/>\n&#8211; STV Pharmazie @stv_pharmazie_innsbruck<\/p>\n<p>If you have any questions regarding the Event feel free to reach out via direct message on instagram @semesteropening_ibk<\/p>\n<p>&#8212;<\/p>\n<p>7) Avalanche courses for more safety this winter!<\/p>\n<p>Avalanche courses at the Alpine Safety Academy &#8211; learn safety where it matters!<br \/>\nThe Alpine Safety Academy is a nonprofit organization from Tyrol offering hands-on courses in avalanche training, emergency management, crevasse rescue, climbing, and mountain biking. With a clear course structure &#8211; from beginner to advanced &#8211; avalanche and ski touring courses are a special focus.<\/p>\n<p>Students benefit from heavily discounted spots, small groups, and partner-brand discounts.<\/p>\n<p>Secure your place now and start the winter safely: Alpine Safety Academy | Bergsport- &amp; Lawinenkurse in Tirol. Link: <a href=\"https:\/\/alpine-safety.org\/\">https:\/\/alpine-safety.org\/<\/a><\/p>\n<p>&#8212;<\/p>\n<p>8) Become a Student Ambassador!<\/p>\n<p>Aurora is looking for you!<\/p>\n<p>Become an Aurora Student Ambassador in the academic year 2025\/26.<br \/>\nDo you want to meet students from all over Europe, work on future-relevant topics, and strengthen your skills? Then this is the right place for you!<br \/>\nWhat to expect:<\/p>\n<p>&#8211; International project work on topics like sustainability, digitalization &amp; health<br \/>\n&#8211; Flexible teamwork or independent work<br \/>\n&#8211; Exciting events like the Aurora Student Conference 2026 in Iceland<br \/>\n&#8211; Participation in task teams with international experts<\/p>\n<p>Register by 31 October 2025.<br \/>\nMore info: <a href=\"https:\/\/www.uibk.ac.at\/de\/international\/aurora\/news\/aurora-sucht-dich-aurora-student-ambassador-programm-202526-jetz\/\">https:\/\/www.uibk.ac.at\/de\/international\/aurora\/news\/aurora-sucht-dich-aurora-student-ambassador-programm-202526-jetz\/<\/a><\/p>\n<p>&#8212;<\/p>\n<p>Best regards,<\/p>\n<p>Your \u00d6H Executive Team<br \/>\n______________________________________<\/p>\n<p>Julian Herb, Anna Schramm, Gabriela Crnov<\/p>\n<p>&nbsp;<\/p>\n<p>&nbsp;<\/p>\n<p>&nbsp;<\/p>","protected":false},"excerpt":{"rendered":"<p>Liebe Studierende, Das neue Semester beginnt heute &#8211; und somit erwarten euch auch neben dem Studium spannende Veranstaltungen, n\u00fctzliche Infos und tolle M\u00f6glichkeiten zum Mitmachen. Damit ihr bestens informiert seid, haben wir euch die wichtigsten Termine und Angebote im Oktober zusammengestellt: 1.)\u00a0\u00a0\u00a0\u00a0\u00a0\u00a0\u00a0\u00a0\u00a0 Achtung vor Betrug bei der Wohnungssuche! 2.)\u00a0\u00a0\u00a0\u00a0\u00a0\u00a0\u00a0\u00a0\u00a0 Mensabon ab heute verf\u00fcgbar! 3.)\u00a0\u00a0\u00a0\u00a0\u00a0\u00a0\u00a0\u00a0\u00a0 \u00d6H-Beitrag [&hellip;]<\/p>\n","protected":false},"author":5,"featured_media":1609,"comment_status":"closed","ping_status":"closed","sticky":false,"template":"","format":"standard","meta":{"inline_featured_image":false,"footnotes":""},"categories":[1],"tags":[],"class_list":["post-10723","post","type-post","status-publish","format-standard","has-post-thumbnail","hentry","category-allgemein"],"yoast_head":"<!-- This site is optimized with the Yoast SEO plugin v21.8.1 - https:\/\/yoast.com\/wordpress\/plugins\/seo\/ -->\n<title>Newsletter Oktober 2025 - \u00d6H Innsbruck<\/title>\n<meta name=\"robots\" content=\"index, follow, max-snippet:-1, max-image-preview:large, max-video-preview:-1\" \/>\n<link rel=\"canonical\" href=\"https:\/\/www.oehweb.at\/en\/newsletter-oktober-2025\/\" \/>\n<meta property=\"og:locale\" content=\"en_GB\" \/>\n<meta property=\"og:type\" content=\"article\" \/>\n<meta property=\"og:title\" content=\"Newsletter Oktober 2025 - \u00d6H Innsbruck\" \/>\n<meta property=\"og:description\" content=\"Liebe Studierende, Das neue Semester beginnt heute &#8211; und somit erwarten euch auch neben dem Studium spannende Veranstaltungen, n\u00fctzliche Infos und tolle M\u00f6glichkeiten zum Mitmachen. Damit ihr bestens informiert seid, haben wir euch die wichtigsten Termine und Angebote im Oktober zusammengestellt: 1.)\u00a0\u00a0\u00a0\u00a0\u00a0\u00a0\u00a0\u00a0\u00a0 Achtung vor Betrug bei der Wohnungssuche! 2.)\u00a0\u00a0\u00a0\u00a0\u00a0\u00a0\u00a0\u00a0\u00a0 Mensabon ab heute verf\u00fcgbar! 3.)\u00a0\u00a0\u00a0\u00a0\u00a0\u00a0\u00a0\u00a0\u00a0 \u00d6H-Beitrag [&hellip;]\" \/>\n<meta property=\"og:url\" content=\"https:\/\/www.oehweb.at\/en\/newsletter-oktober-2025\/\" \/>\n<meta property=\"og:site_name\" content=\"\u00d6H Innsbruck\" \/>\n<meta property=\"article:published_time\" content=\"2025-10-01T07:40:46+00:00\" \/>\n<meta property=\"article:modified_time\" content=\"2025-10-01T08:18:33+00:00\" \/>\n<meta property=\"og:image\" content=\"https:\/\/www.oehweb.at\/wp-content\/uploads\/2021\/03\/Newsletter-1.jpg\" \/>\n\t<meta property=\"og:image:width\" content=\"1280\" \/>\n\t<meta property=\"og:image:height\" content=\"960\" \/>\n\t<meta property=\"og:image:type\" content=\"image\/jpeg\" \/>\n<meta name=\"author\" content=\"OEH Innsbruck\" \/>\n<meta name=\"twitter:card\" content=\"summary_large_image\" \/>\n<meta name=\"twitter:label1\" content=\"Written by\" \/>\n\t<meta name=\"twitter:data1\" content=\"OEH Innsbruck\" \/>\n\t<meta name=\"twitter:label2\" content=\"Estimated reading time\" \/>\n\t<meta name=\"twitter:data2\" content=\"11 minutes\" \/>\n<script type=\"application\/ld+json\" class=\"yoast-schema-graph\">{\"@context\":\"https:\/\/schema.org\",\"@graph\":[{\"@type\":\"Article\",\"@id\":\"https:\/\/www.oehweb.at\/newsletter-oktober-2025\/#article\",\"isPartOf\":{\"@id\":\"https:\/\/www.oehweb.at\/newsletter-oktober-2025\/\"},\"author\":{\"name\":\"OEH Innsbruck\",\"@id\":\"https:\/\/www.oehweb.at\/#\/schema\/person\/70c69413dd3501c0c40fbc1430d34564\"},\"headline\":\"Newsletter Oktober 2025\",\"datePublished\":\"2025-10-01T07:40:46+00:00\",\"dateModified\":\"2025-10-01T08:18:33+00:00\",\"mainEntityOfPage\":{\"@id\":\"https:\/\/www.oehweb.at\/newsletter-oktober-2025\/\"},\"wordCount\":1930,\"publisher\":{\"@id\":\"https:\/\/www.oehweb.at\/#organization\"},\"articleSection\":[\"Allgemein\"],\"inLanguage\":\"en-GB\"},{\"@type\":\"WebPage\",\"@id\":\"https:\/\/www.oehweb.at\/newsletter-oktober-2025\/\",\"url\":\"https:\/\/www.oehweb.at\/newsletter-oktober-2025\/\",\"name\":\"Newsletter Oktober 2025 - \u00d6H Innsbruck\",\"isPartOf\":{\"@id\":\"https:\/\/www.oehweb.at\/#website\"},\"datePublished\":\"2025-10-01T07:40:46+00:00\",\"dateModified\":\"2025-10-01T08:18:33+00:00\",\"breadcrumb\":{\"@id\":\"https:\/\/www.oehweb.at\/newsletter-oktober-2025\/#breadcrumb\"},\"inLanguage\":\"en-GB\",\"potentialAction\":[{\"@type\":\"ReadAction\",\"target\":[\"https:\/\/www.oehweb.at\/newsletter-oktober-2025\/\"]}]},{\"@type\":\"BreadcrumbList\",\"@id\":\"https:\/\/www.oehweb.at\/newsletter-oktober-2025\/#breadcrumb\",\"itemListElement\":[{\"@type\":\"ListItem\",\"position\":1,\"name\":\"Home\",\"item\":\"https:\/\/www.oehweb.at\/\"},{\"@type\":\"ListItem\",\"position\":2,\"name\":\"Newsletter Oktober 2025\"}]},{\"@type\":\"WebSite\",\"@id\":\"https:\/\/www.oehweb.at\/#website\",\"url\":\"https:\/\/www.oehweb.at\/\",\"name\":\"\u00d6H Innsbruck\",\"description\":\"Wir sind die \u00d6sterreichische Hochsch\u00fclerInnenschaft an der Universit\u00e4t Innsbruck\",\"publisher\":{\"@id\":\"https:\/\/www.oehweb.at\/#organization\"},\"potentialAction\":[{\"@type\":\"SearchAction\",\"target\":{\"@type\":\"EntryPoint\",\"urlTemplate\":\"https:\/\/www.oehweb.at\/?s={search_term_string}\"},\"query-input\":\"required name=search_term_string\"}],\"inLanguage\":\"en-GB\"},{\"@type\":\"Organization\",\"@id\":\"https:\/\/www.oehweb.at\/#organization\",\"name\":\"\u00d6H Innsrbruck\",\"url\":\"https:\/\/www.oehweb.at\/\",\"logo\":{\"@type\":\"ImageObject\",\"inLanguage\":\"en-GB\",\"@id\":\"https:\/\/www.oehweb.at\/#\/schema\/logo\/image\/\",\"url\":\"https:\/\/www.oehweb.at\/wp-content\/uploads\/2020\/11\/OEH-Innsbruck-Logo.svg\",\"contentUrl\":\"https:\/\/www.oehweb.at\/wp-content\/uploads\/2020\/11\/OEH-Innsbruck-Logo.svg\",\"width\":448,\"height\":255,\"caption\":\"\u00d6H Innsrbruck\"},\"image\":{\"@id\":\"https:\/\/www.oehweb.at\/#\/schema\/logo\/image\/\"}},{\"@type\":\"Person\",\"@id\":\"https:\/\/www.oehweb.at\/#\/schema\/person\/70c69413dd3501c0c40fbc1430d34564\",\"name\":\"OEH Innsbruck\",\"image\":{\"@type\":\"ImageObject\",\"inLanguage\":\"en-GB\",\"@id\":\"https:\/\/www.oehweb.at\/#\/schema\/person\/image\/\",\"url\":\"https:\/\/secure.gravatar.com\/avatar\/bda643763d9c226f03befc6c02f867711d0de81b896dff2747848e543a1de895?s=96&d=mm&r=g\",\"contentUrl\":\"https:\/\/secure.gravatar.com\/avatar\/bda643763d9c226f03befc6c02f867711d0de81b896dff2747848e543a1de895?s=96&d=mm&r=g\",\"caption\":\"OEH Innsbruck\"}}]}<\/script>\n<!-- \/ Yoast SEO plugin. -->","yoast_head_json":{"title":"Newsletter Oktober 2025 - \u00d6H Innsbruck","robots":{"index":"index","follow":"follow","max-snippet":"max-snippet:-1","max-image-preview":"max-image-preview:large","max-video-preview":"max-video-preview:-1"},"canonical":"https:\/\/www.oehweb.at\/en\/newsletter-oktober-2025\/","og_locale":"en_GB","og_type":"article","og_title":"Newsletter Oktober 2025 - \u00d6H Innsbruck","og_description":"Liebe Studierende, Das neue Semester beginnt heute &#8211; und somit erwarten euch auch neben dem Studium spannende Veranstaltungen, n\u00fctzliche Infos und tolle M\u00f6glichkeiten zum Mitmachen. Damit ihr bestens informiert seid, haben wir euch die wichtigsten Termine und Angebote im Oktober zusammengestellt: 1.)\u00a0\u00a0\u00a0\u00a0\u00a0\u00a0\u00a0\u00a0\u00a0 Achtung vor Betrug bei der Wohnungssuche! 2.)\u00a0\u00a0\u00a0\u00a0\u00a0\u00a0\u00a0\u00a0\u00a0 Mensabon ab heute verf\u00fcgbar! 3.)\u00a0\u00a0\u00a0\u00a0\u00a0\u00a0\u00a0\u00a0\u00a0 \u00d6H-Beitrag [&hellip;]","og_url":"https:\/\/www.oehweb.at\/en\/newsletter-oktober-2025\/","og_site_name":"\u00d6H Innsbruck","article_published_time":"2025-10-01T07:40:46+00:00","article_modified_time":"2025-10-01T08:18:33+00:00","og_image":[{"width":1280,"height":960,"url":"https:\/\/www.oehweb.at\/wp-content\/uploads\/2021\/03\/Newsletter-1.jpg","type":"image\/jpeg"}],"author":"OEH Innsbruck","twitter_card":"summary_large_image","twitter_misc":{"Written by":"OEH Innsbruck","Estimated reading time":"11 minutes"},"schema":{"@context":"https:\/\/schema.org","@graph":[{"@type":"Article","@id":"https:\/\/www.oehweb.at\/newsletter-oktober-2025\/#article","isPartOf":{"@id":"https:\/\/www.oehweb.at\/newsletter-oktober-2025\/"},"author":{"name":"OEH Innsbruck","@id":"https:\/\/www.oehweb.at\/#\/schema\/person\/70c69413dd3501c0c40fbc1430d34564"},"headline":"Newsletter Oktober 2025","datePublished":"2025-10-01T07:40:46+00:00","dateModified":"2025-10-01T08:18:33+00:00","mainEntityOfPage":{"@id":"https:\/\/www.oehweb.at\/newsletter-oktober-2025\/"},"wordCount":1930,"publisher":{"@id":"https:\/\/www.oehweb.at\/#organization"},"articleSection":["Allgemein"],"inLanguage":"en-GB"},{"@type":"WebPage","@id":"https:\/\/www.oehweb.at\/newsletter-oktober-2025\/","url":"https:\/\/www.oehweb.at\/newsletter-oktober-2025\/","name":"Newsletter Oktober 2025 - \u00d6H Innsbruck","isPartOf":{"@id":"https:\/\/www.oehweb.at\/#website"},"datePublished":"2025-10-01T07:40:46+00:00","dateModified":"2025-10-01T08:18:33+00:00","breadcrumb":{"@id":"https:\/\/www.oehweb.at\/newsletter-oktober-2025\/#breadcrumb"},"inLanguage":"en-GB","potentialAction":[{"@type":"ReadAction","target":["https:\/\/www.oehweb.at\/newsletter-oktober-2025\/"]}]},{"@type":"BreadcrumbList","@id":"https:\/\/www.oehweb.at\/newsletter-oktober-2025\/#breadcrumb","itemListElement":[{"@type":"ListItem","position":1,"name":"Home","item":"https:\/\/www.oehweb.at\/"},{"@type":"ListItem","position":2,"name":"Newsletter Oktober 2025"}]},{"@type":"WebSite","@id":"https:\/\/www.oehweb.at\/#website","url":"https:\/\/www.oehweb.at\/","name":"\u00d6H Innsbruck","description":"Wir sind die \u00d6sterreichische Hochsch\u00fclerInnenschaft an der Universit\u00e4t Innsbruck","publisher":{"@id":"https:\/\/www.oehweb.at\/#organization"},"potentialAction":[{"@type":"SearchAction","target":{"@type":"EntryPoint","urlTemplate":"https:\/\/www.oehweb.at\/?s={search_term_string}"},"query-input":"required name=search_term_string"}],"inLanguage":"en-GB"},{"@type":"Organization","@id":"https:\/\/www.oehweb.at\/#organization","name":"\u00d6H Innsrbruck","url":"https:\/\/www.oehweb.at\/","logo":{"@type":"ImageObject","inLanguage":"en-GB","@id":"https:\/\/www.oehweb.at\/#\/schema\/logo\/image\/","url":"https:\/\/www.oehweb.at\/wp-content\/uploads\/2020\/11\/OEH-Innsbruck-Logo.svg","contentUrl":"https:\/\/www.oehweb.at\/wp-content\/uploads\/2020\/11\/OEH-Innsbruck-Logo.svg","width":448,"height":255,"caption":"\u00d6H Innsrbruck"},"image":{"@id":"https:\/\/www.oehweb.at\/#\/schema\/logo\/image\/"}},{"@type":"Person","@id":"https:\/\/www.oehweb.at\/#\/schema\/person\/70c69413dd3501c0c40fbc1430d34564","name":"OEH Innsbruck","image":{"@type":"ImageObject","inLanguage":"en-GB","@id":"https:\/\/www.oehweb.at\/#\/schema\/person\/image\/","url":"https:\/\/secure.gravatar.com\/avatar\/bda643763d9c226f03befc6c02f867711d0de81b896dff2747848e543a1de895?s=96&d=mm&r=g","contentUrl":"https:\/\/secure.gravatar.com\/avatar\/bda643763d9c226f03befc6c02f867711d0de81b896dff2747848e543a1de895?s=96&d=mm&r=g","caption":"OEH Innsbruck"}}]}},"_links":{"self":[{"href":"https:\/\/www.oehweb.at\/en\/wp-json\/wp\/v2\/posts\/10723","targetHints":{"allow":["GET"]}}],"collection":[{"href":"https:\/\/www.oehweb.at\/en\/wp-json\/wp\/v2\/posts"}],"about":[{"href":"https:\/\/www.oehweb.at\/en\/wp-json\/wp\/v2\/types\/post"}],"author":[{"embeddable":true,"href":"https:\/\/www.oehweb.at\/en\/wp-json\/wp\/v2\/users\/5"}],"replies":[{"embeddable":true,"href":"https:\/\/www.oehweb.at\/en\/wp-json\/wp\/v2\/comments?post=10723"}],"version-history":[{"count":7,"href":"https:\/\/www.oehweb.at\/en\/wp-json\/wp\/v2\/posts\/10723\/revisions"}],"predecessor-version":[{"id":10732,"href":"https:\/\/www.oehweb.at\/en\/wp-json\/wp\/v2\/posts\/10723\/revisions\/10732"}],"wp:featuredmedia":[{"embeddable":true,"href":"https:\/\/www.oehweb.at\/en\/wp-json\/wp\/v2\/media\/1609"}],"wp:attachment":[{"href":"https:\/\/www.oehweb.at\/en\/wp-json\/wp\/v2\/media?parent=10723"}],"wp:term":[{"taxonomy":"category","embeddable":true,"href":"https:\/\/www.oehweb.at\/en\/wp-json\/wp\/v2\/categories?post=10723"},{"taxonomy":"post_tag","embeddable":true,"href":"https:\/\/www.oehweb.at\/en\/wp-json\/wp\/v2\/tags?post=10723"}],"curies":[{"name":"wp","href":"https:\/\/api.w.org\/{rel}","templated":true}]}}