{"id":10911,"date":"2025-11-28T09:27:22","date_gmt":"2025-11-28T08:27:22","guid":{"rendered":"https:\/\/www.oehweb.at\/?p=10911"},"modified":"2025-11-28T10:02:36","modified_gmt":"2025-11-28T09:02:36","slug":"newsletter-november-2025_2","status":"publish","type":"post","link":"https:\/\/www.oehweb.at\/en\/newsletter-november-2025_2\/","title":{"rendered":"Newsletter November 2025_2"},"content":{"rendered":"<p>Dear students,<\/p>\n<p>die Tage werden k\u00fcrzer, die To-do-Listen l\u00e4nger \u2013 aber keine Sorge: Zum Start in den Dezember haben wir wieder coole Angebote f\u00fcr euch! Ob Weihnachtsmarkt-Ausflug, Vernetzung oder ein Selbstverteidigungskurs im Rahmen der 16 Tage gegen genderbasierte Gewalt \u2013 bei uns ist f\u00fcr alle etwas dabei.<\/p>\n<p>Au\u00dferdem l\u00e4uft die Frist f\u00fcr die Beantragung der Studienbeihilfe am 15.12. aus \u2013 nutzt unbedingt noch die Chance, eine F\u00f6rderung zu beantragen! Das dauert nur ein paar Minuten und kann euch langfristig finanziell entlasten.<\/p>\n<p>Scrollt durch und g\u00f6nnt euch eine kleine Pause vom Unialltag, bevor es in die Weihnachtsferien geht!<\/p>\n<p><strong>Euer Vorsitzteam<\/strong><br \/>\n<strong>Julian Herb &#8211; Anna Schramm &#8211; Gabriela Crnov<\/strong><\/p>\n<p>1.) unsere Veranstaltungen im Dezember<\/p>\n<p>a.) FINTA* Selbstverteidigungskurs am 07.12.25<br \/>\nb.) gem\u00fctliches Vernetzungstreffen f\u00fcr \u00dc40-Studierende am 10.12.25<br \/>\nc.) Tagesausflug zum Salzburger Weihnachtsmarkt am 12.12.25<\/p>\n<p>2.) Umfrage Stadtrad &#8211; gib uns dein Feedback zur Kooperation!<br \/>\n3.) Studienbeihilfe JETZT noch beantragen!<br \/>\n4.) ge\u00e4nderte \u00d6ffnungszeiten der Studia \u00fcber die Weihnachtsferien!<br \/>\n5.) Kleidertausch der Unipfarre<br \/>\n6.) Mitgestalten, Mitentscheiden, Mitreden!<br \/>\n7.) Aurora \u2013 Neue Angebote f\u00fcr das Jahr 2026<\/p>\n<p>________________________________________<\/p>\n<h5><strong>1.) unsere Veranstaltungen im Dezember<\/strong><\/h5>\n<p><strong>a.) FINTA* Selbstverteidigungskurs am 07.12.25<\/strong><br \/>\nFINTA Selbstverteidigungskurs \u2013 7. Dezember, 14\u201317 Uhr, USI H04*<br \/>\nUnser Selbstverteidigungskurs richtet sich an alle FINTA*-Personen, die ihre Sicherheit st\u00e4rken und selbstbewusst auftreten m\u00f6chten. Gemeinsam lernen wir Techniken, um Grenzen zu setzen, Situationen besser einzusch\u00e4tzen und uns im Ernstfall verteidigen zu k\u00f6nnen. Der Kurs wird von einer erfahrenen Trainerin geleitet und bietet einen sicheren, empowernden Raum. Die Teilnahme ist kostenlos.<\/p>\n<p>Anmeldung unter: <a href=\"mailto:frauenreferat-oeh@uibk.ac.at\">frauenreferat-oeh@uibk.ac.at<\/a><\/p>\n<p><strong>b.) gem\u00fctliches Vernetzungstreffen f\u00fcr \u00dc40-Studierende am 10.12.25<\/strong><\/p>\n<p>Wir laden zu einem gem\u00fctlichen Vernetzungstreffen f\u00fcr Studierende \u00dc40 ein.<\/p>\n<p>Wann: 10.12.2025<br \/>\nUhrzeit: 15:30\u201318:00 Uhr<\/p>\n<p>Bei Kaffee und Kuchen wollen wir einen Raum schaffen, in dem ihr euch vernetzen, Erfahrungen austauschen und Fragen rund ums Studium besprechen k\u00f6nnt \u2013 ganz ohne fixes Programm und in entspannter Atmosph\u00e4re.<\/p>\n<p>Anmeldung per E-Mail an <a href=\"mailto:studium@oeh.cc\">studium@oeh.cc<\/a>.<br \/>\nIhr k\u00f6nnt in der Anmeldung gerne auch bereits konkrete Anliegen oder Fragen mitschicken.<br \/>\nDen genauen Ort erhaltet ihr nach der Anmeldung.<\/p>\n<p>Wir freuen uns auf einen anregenden Austausch!<br \/>\nLena, Janin und Kilian<\/p>\n<p><strong>c.) Tagesausflug zum Salzburger Weihnachtsmarkt am 12.12.25<\/strong><\/p>\n<p>Am 12.12. veranstalten wir einen Tagesausflug zum Salzburger Weihnachtsmarkt, um gemeinsam in die vorweihnachtliche Stimmung einzutauchen, neue Leute kennenzulernen und die wundersch\u00f6ne Winteratmosph\u00e4re zu genie\u00dfen.<\/p>\n<p>Die Fahrt ist vollst\u00e4ndig von uns organisiert: Wir werden am Treffpunkt abgeholt und anschlie\u00dfend wieder zur\u00fcck nach Innsbruck gebracht. Die Abfahrt ist um 14:00 Uhr, die R\u00fcckfahrt ist f\u00fcr ca. 20:00 Uhr geplant. Der Selbstkostenbeitrag betr\u00e4gt 20 \u20ac. Um teilzunehmen, bitten wir euch das folgende Formular auszuf\u00fcllen: <a href=\"https:\/\/forms.gle\/iMVzybkMCzaoieVk6\">https:\/\/forms.gle\/iMVzybkMCzaoieVk6<\/a><\/p>\n<p>Wir freuen uns auf euch!<br \/>\nDariia und Anna<\/p>\n<h5><strong>2.) Umfrage Stadtrad &#8211; gib uns dein Feedback!<\/strong><\/h5>\n<p>Wir wollen wissen, wie du das Stadtrad in Innsbruck nutzt. Deine Antworten sind anonym und helfen uns, die Kooperation zu optimieren. Es dauert nur ein paar Minuten \u2013 danke, dass du uns unterst\u00fctzt!<\/p>\n<p>Zur Umfrage:<a href=\"https:\/\/forms.gle\/tTStFsWN9KH1Nrpc7\">https:\/\/forms.gle\/tTStFsWN9KH1Nrpc7<\/a><\/p>\n<h5><strong>3.) Studienbeihilfe JETZT beantragen!<\/strong><\/h5>\n<p>Warum einen Antrag auf Studienbeihilfe stellen?<br \/>\nNur so kann dein Rechtsanspruch gepr\u00fcft werden! Wichtig: Stelle deinen Antrag rechtzeitig bis zum 15. Dezember 2025 (WS 2025\/26). Seit der Novelle des Studienf\u00f6rderungsgesetzes ab WS 2022\/23 erfolgt die Berechnung im Baukastensystem und die Beihilfen wurden erh\u00f6ht.<\/p>\n<p>Wie kann der Antrag gestellt werden?<br \/>\n\u25cf Online mit Handysignatur \u00fcber <a href=\"https:\/\/www.stipendium.at\/\">www.stipendium.at<\/a><br \/>\n\u25cf Formularantrag: Formulare downloaden, ausf\u00fcllen (Dauer ca. 5 Minuten) und einreichen:<br \/>\n\u25cb SB1: <a href=\"https:\/\/formulare.stipendium.at\/SB1.pdf\">https:\/\/formulare.stipendium.at\/SB1.pdf<\/a><br \/>\n\u25cb SB3: <a href=\"https:\/\/formulare.stipendium.at\/SB3.pdf\">https:\/\/formulare.stipendium.at\/SB3.pdf<\/a><br \/>\n\u25cb SB5: <a href=\"https:\/\/formulare.stipendium.at\/SB5.pdf\">https:\/\/formulare.stipendium.at\/SB5.pdf<\/a><\/p>\n<p>Bei Fragen k\u00f6nnt ihr euch jederzeit bei uns melden:<\/p>\n<p>\u25cf E-Mail: <a href=\"mailto:Stip.Ibk@stbh.gv.at\">Stip.Ibk@stbh.gv.at<\/a><br \/>\n\u25cf Telefon: 0512 \/ 57 33 70 DW 510<br \/>\n\u25cf Pers\u00f6nlich, Mo\u2013Do 9\u201312 Uhr, ohne Terminvereinbarung<\/p>\n<p>Wichtig: Der Antrag muss nicht vollst\u00e4ndig sein \u2013 entscheidend ist die rechtzeitige Einbringung.<br \/>\nAntragsfrist: 15. Dezember 2025, 0:00 Uhr (Poststempel z\u00e4hlt)<\/p>\n<p>Also, worauf wartest du noch?<br \/>\nIm Namen der Stipendienstelle Innsbruck<\/p>\n<h5><strong>4.) \u00d6ffnungszeiten der Studia \u00fcber die Weihnachtsferien<\/strong><\/h5>\n<p>Bitte beachte, dass die Studia Filialen w\u00e4hrend den Weihnachtsferien wegen Betriebsurlaub geschlossen sind.<\/p>\n<p>Filiale Innrain: 24.12.2025 &#8211; 06.01.2026<br \/>\nFiliale Technik: 22.12.2025- 06.01.2026<\/p>\n<p>Wir freuen uns auf deinen Besuch im neuen Jahr oder vielleicht sogar noch davor!<br \/>\nDein Studia-Team<\/p>\n<h5><strong>5.) Kleidertausch der Unipfarre am 13.12.2025<\/strong><\/h5>\n<p>Kleidertausch der Unipfarre: bringt und\/oder holt Kleidung &#8211; seid dabei!<br \/>\nBringt gut erhaltene und saubere Kleidung, Accessoires und Schuhe; st\u00f6bert in den mitgebrachte Sachen und findet neue Lieblingskleidung; es erwartet euch ein gem\u00fctlicher Rahmen mit weihnachtlichen Leckereien<\/p>\n<p><strong>Infobox:<\/strong><br \/>\nWann? Samstag, 13.12.25<br \/>\nvon 15:00-18:00 Uhr<br \/>\nWo? in der Cafeteria der Unipfarre, Erdgescho\u00df Josef Hirn Stra\u00dfe 7<\/p>\n<h5><strong>6.) Mitgestalten, Mitentscheiden, Mitreden!<\/strong><\/h5>\n<p>Kennst du schon die Beteiligungsplattform der Stadt Innsbruck? Das ist deine Chance, aktiv an der Zukunft unserer Stadt mitzuwirken!<br \/>\nAuf <a href=\"https:\/\/mitgestalten.innsbruck.gv.at\/de-DE\/\">mitgestalten.innsbruck.gv.at<\/a> hast du die M\u00f6glichkeit, Ideen einreichen, \u00fcber Vorschl\u00e4ge abstimmen, an Umfragen teilnehmen, Projekte verfolgen und Termine f\u00fcr Veranstaltungen entdecken.<br \/>\nAktuell kannst du dich zum Beispiel bei den Projekten \u201eCool-Map\u201c und \u201ePerspektivenwechsel\u201c einbringen. Au\u00dferdem l\u00e4uft gerade die Umfrage zum Stadtmagazin \u201eInnsbruck informiert\u201c \u2013 deine Meinung z\u00e4hlt!<\/p>\n<p>Die Registrierung ist einfach: Melde dich mit deiner E-Mail-Adresse oder deiner ID-Austria an und los geht\u2019s!<\/p>\n<p>Wir freuen uns auf deine Beitr\u00e4ge \u2013 hier bekommen deine Ideen eine B\u00fchne!<\/p>\n<h5><strong>7.) Aurora \u2013 Neue Angebote f\u00fcr das Jahr 2026<\/strong><\/h5>\n<p>Aurora \u2013 Neue Angebote 2026<br \/>\nAmsterdam Winter School, ein Blended Intensive Programme in Island oder Online-Kurse \u2013 die Aurora-Angebote 2026 bieten f\u00fcr alle etwas: F\u00e4higkeiten st\u00e4rken, Netzwerk erweitern und neue Perspektiven entdecken.<\/p>\n<p>Aktuelle Angebote:<br \/>\n\u25cf VU Amsterdam \u2013 Graduate Winter School: Intensives Programm f\u00fcr Master &amp; PhD, Kurse auf Englisch, ideal f\u00fcr Early-Career-Forschende. (<a href=\"https:\/\/www.uibk.ac.at\/de\/international\/aurora\/news\/vrije-universiteit-amsterdam-vu-graduate-winter-school\/\">https:\/\/www.uibk.ac.at\/de\/international\/aurora\/news\/vrije-universiteit-amsterdam-vu-graduate-winter-school\/<\/a>.)<\/p>\n<p>\u25cf Spark Social 2026 \u2013 Aurora BIP Social Innovation (Island): Erasmus+ Programm f\u00fcr Master &amp; fortgeschrittene Bachelor, interdisziplin\u00e4re Teamarbeit zu gesellschaftlichen Herausforderungen. (<a href=\"https:\/\/www.uibk.ac.at\/de\/international\/aurora\/news\/open-call-spark-social-aurora-course-on-social-innovation\/\">https:\/\/www.uibk.ac.at\/de\/international\/aurora\/news\/open-call-spark-social-aurora-course-on-social-innovation\/<\/a>)<\/p>\n<p>\u25cf Aurora Summer Semester Courses 2026 (Island, online): Kurse zu Sustainability Education &amp; Learning und Trauma &amp; Its Impact on Health. (<a href=\"https:\/\/www.uibk.ac.at\/de\/international\/aurora\/news\/auroras-summer-2026-courses-are-here-take-a-look\/\">https:\/\/www.uibk.ac.at\/de\/international\/aurora\/news\/auroras-summer-2026-courses-are-here-take-a-look\/<\/a>)<\/p>\n<p>Stay tuned!<\/p>\n<p>Liebe Gr\u00fc\u00dfe,<br \/>\ndein \u00d6H Vorsitzteam<br \/>\n______________________________________<\/p>\n<p>Julian Herb, Anna Schramm und Gabriela Crnov<\/p>\n<p>Vorsitzteam der Hochsch\u00fclerinnen-<br \/>\nund Hochsch\u00fclerschaft<br \/>\nan der Universit\u00e4t Innsbruck<\/p>\n<p><strong><em>English Version<\/em><\/strong><br \/>\nDear Students,<\/p>\n<p>The days are getting shorter and the to-do lists longer \u2013 but don\u2019t worry: to kick off December, we\u2019ve got some cool offers for you again! Whether it\u2019s a visit to the Christmas market, networking, or a self-defense course as part of the 16 Days Against Gender-Based Violence \u2013 there\u2019s something for everyone.<\/p>\n<p>Also, the deadline to apply for student financial aid is 15 December \u2013 make sure to take this opportunity to apply! It only takes a few minutes and can ease your financial situation in the long run.<\/p>\n<p>Scroll through and treat yourself to a little break from university life before the Christmas holidays begin!<\/p>\n<p><strong>Your Chair Team<\/strong><br \/>\n<strong>Julian Herb \u2013 Anna Schramm \u2013 Gabriela Crnov<\/strong><\/p>\n<h5><strong>1.) Our events in December<\/strong><\/h5>\n<p>a.) FINTA* self-defense course on 07\/12\/25<br \/>\nb.) Cozy networking meet-up for students aged 40+ on 10\/12\/25<br \/>\nc.) Day trip to the Salzburg Christmas Market on 12\/12\/25<\/p>\n<p>2.) Survey Stadtrad \u2013 give us your feedback on the cooperation!<br \/>\n3.) Apply for student financial aid NOW!<br \/>\n4.) Changed opening hours of the Studia over the Christmas holidays!<br \/>\n5.) Clothes swap by the university parish<br \/>\n6.) Have a say, help shape, and get involved!<br \/>\n7.) Aurora \u2013 new offers for the year 2026<\/p>\n<p>________________________________________<\/p>\n<h5><strong>1.) Our events in December<\/strong><\/h5>\n<p><strong>a.) FINTA* self-defense course on 07\/12\/25<\/strong><\/p>\n<p>FINTA Self-Defense Course \u2013 7 December, 14:00\u201317:00, USI H04*<br \/>\nOur self-defense course is open to all FINTA* individuals who want to strengthen their sense of safety and build confidence. Together, we will learn techniques to set boundaries, assess situations, and defend ourselves if necessary. The course is led by an experienced trainer and offers a safe and empowering space. Participation is free.<\/p>\n<p>Registration: <a href=\"mailto:frauenreferat-oeh@uibk.ac.at\">frauenreferat-oeh@uibk.ac.at<\/a><\/p>\n<p><strong>b.) Cozy networking meet-up for students aged 40+ on 10\/12\/25<\/strong><\/p>\n<p>We warmly invite you to a relaxed networking event for students aged 40 and above.<br \/>\n\u25cf When: 10 December 2025<br \/>\n\u25cf Time: 3:30\u20136:00 PM<\/p>\n<p>With coffee and cake, this meeting offers a space to connect, share experiences, and discuss questions related to your studies \u2013 all in an open and informal atmosphere, without a fixed programme.<\/p>\n<p>Please register via email at <a href=\"mailto:studium@oeh.cc\">studium@oeh.cc<\/a>.<br \/>\nYou are welcome to include any specific questions or topics you would like to address in your registration email.<br \/>\nThe exact location will be provided after registration.<\/p>\n<p>We look forward to seeing you there!<br \/>\nLena, Janin and Kilian<\/p>\n<p><strong>c.) Day trip to the Salzburg Christmas Market on 12\/12\/25<\/strong><\/p>\n<p>On Dezember 12, we are organising a day trip to the Salzburg Christmas Market to get into the festive spirit, meet new people, and enjoy the beautiful winter atmosphere together.<\/p>\n<p>The trip is fully organised by us: you will be picked up at the meeting point and brought back to Innsbruck afterwards. Departure is at 14:00, and the return trip is planned for around 20:00. The participation fee is \u20ac20.<\/p>\n<p>To take part, please fill out the following form: <a href=\"https:\/\/forms.gle\/iMVzybkMCzaoieVk6\">https:\/\/forms.gle\/iMVzybkMCzaoieVk6<\/a><\/p>\n<p>We are looking forward to seeing you,<br \/>\nDariia and Anna<\/p>\n<h5><strong>2.) Survey \u201cStadtrad\u201d \u2013 give us your feedback on the cooperation!<\/strong><\/h5>\n<p>We would like to know how you use Stadtrad in Innsbruck. Your answers are anonymous and help us to improve the cooperation. It only takes a few minutes \u2013 thank you for supporting us!<br \/>\nLink to the survey: <a href=\"https:\/\/forms.gle\/tTStFsWN9KH1Nrpc7\">https:\/\/forms.gle\/tTStFsWN9KH1Nrpc7<\/a><\/p>\n<h5><strong>3.) Apply for student financial aid NOW!<\/strong><\/h5>\n<p>Why apply for student financial aid?<br \/>\nOnly by applying can your legal entitlement be reviewed! Important: Submit your application in time by 15 December 2025 (winter semester 2025\/26). Since the amendment of the Student Financial Aid Act as of winter semester 2022\/23, the calculation has been carried out in a modular system and the grants have been increased.<\/p>\n<p>How can you apply?<br \/>\nOnline with a mobile phone signature via <a href=\"https:\/\/www.stipendium.at\/\">www.stipendium.at<\/a><br \/>\nApplication by form: download the forms, fill them out (takes approx. 5 minutes) and submit them:<br \/>\n\u25cf SB1: <a href=\"https:\/\/formulare.stipendium.at\/SB1.pdf\">https:\/\/formulare.stipendium.at\/SB1.pdf<\/a><br \/>\n\u25cf SB3: <a href=\"https:\/\/formulare.stipendium.at\/SB3.pdf\">https:\/\/formulare.stipendium.at\/SB3.pdf<\/a><br \/>\n\u25cf SB5: <a href=\"https:\/\/formulare.stipendium.at\/SB5.pdf\">https:\/\/formulare.stipendium.at\/SB5.pdf<\/a><\/p>\n<p>If you have any questions, you can contact us at any time:<br \/>\n\u25cf Email: <a href=\"mailto:Stip.Ibk@stbh.gv.at\">Stip.Ibk@stbh.gv.at<\/a><br \/>\n\u25cf Telephone: +43 512 573 370 ext. 510<br \/>\n\u25cf In person, Mon\u2013Thu 9:00\u201312:00, no appointment required<\/p>\n<p>Important: The application does not have to be complete \u2013 what matters is that it is submitted on time.<br \/>\nApplication deadline: 15 December 2025, 12:00 a.m. (postmark applies)<\/p>\n<p>So, what are you waiting for?<br \/>\nOn behalf of the Scholarships Office Innsbruck<\/p>\n<h5><strong>4.) Opening hours of Studia during the Christmas holidays!<\/strong><\/h5>\n<p>Please note that Studia will be closed during the Christmas holidays due to company vacation.<\/p>\n<p>\u25cf Branch Innrain: 24\/12\/2025 \u2013 06\/01\/2026<br \/>\n\u25cf Branch Technik: 22\/12\/2025 \u2013 06\/01\/2026<\/p>\n<p>We look forward to welcoming you in the new year \u2013 or maybe even before then!<br \/>\nYour Studia team<\/p>\n<h5><strong>5.) Clothes swap by the university parish<\/strong><br \/>\nclothes swap at the university parish: bring and\/or take clothes \u2013 join in!<\/h5>\n<p>Bring clean, well-preserved clothing, accessories, and shoes; browse through the items that others have brought and find new favorite pieces; enjoy a cozy atmosphere with Christmas treats.<\/p>\n<p><strong>Info box:<\/strong><br \/>\nWhen? Saturday, 13\/12\/25<br \/>\nTime: 3:00\u20136:00 p.m.<br \/>\nWhere? In the university parish cafeteria, ground floor, Josef-Hirn-Stra\u00dfe 7<\/p>\n<h5><strong>6.) Have a say, help shape, and get involved!<\/strong><\/h5>\n<p>Do you already know the City of Innsbruck\u2019s participation platform? This is your chance to actively help shape the future of our city!<br \/>\nAt <a href=\"https:\/\/mitgestalten.innsbruck.gv.at\/de-DE\/\">mitgestalten.innsbruck.gv.at<\/a>, you can submit ideas, vote on proposals, take part in surveys, follow projects, and discover upcoming events.<\/p>\n<p>At the moment, you can get involved in projects such as \u201cCool Map\u201d and \u201cPerspektivenwechsel.\u201d There is also an ongoing survey about the city magazine \u201cInnsbruck informiert\u201d \u2013 your opinion matters!<\/p>\n<p>Registration is easy: sign up with your email address or your ID Austria and get started!<br \/>\nWe look forward to your contributions \u2013 this is where your ideas get a stage!<\/p>\n<h5><strong>7.) Aurora \u2013 new offers for the year 2026<\/strong><\/h5>\n<p>Aurora \u2013 New Offers 2026<br \/>\nAmsterdam Winter School, a Blended Intensive Programme in Iceland, or online courses \u2013 the Aurora offers for 2026 have something for everyone: strengthen your skills, expand your network, and discover new perspectives.<\/p>\n<p>Current Offers:<br \/>\n\u25cf VU Amsterdam \u2013 Graduate Winter School: Intensive program for Master\u2019s &amp; PhD students, courses in English, ideal for early-career researchers.<br \/>\n(<a href=\"https:\/\/www.uibk.ac.at\/de\/international\/aurora\/news\/vrije-universiteit-amsterdam-vu-graduate-winter-school\/\">https:\/\/www.uibk.ac.at\/de\/international\/aurora\/news\/vrije-universiteit-amsterdam-vu-graduate-winter-school\/<\/a>)<br \/>\n\u25cf Spark Social 2026 \u2013 Aurora BIP Social Innovation (Iceland): Erasmus+ program for Master\u2019s &amp; advanced Bachelor students, promoting interdisciplinary teamwork to address societal challenges.<br \/>\n(<a href=\"https:\/\/www.uibk.ac.at\/de\/international\/aurora\/news\/open-call-spark-social-aurora-course-on-social-innovation\/\">https:\/\/www.uibk.ac.at\/de\/international\/aurora\/news\/open-call-spark-social-aurora-course-on-social-innovation\/<\/a>)<br \/>\n\u25cf Aurora Summer Semester Courses 2026 (Iceland, online): Courses on Sustainability Education &amp; Learning and Trauma &amp; Its Impact on Health.<br \/>\n(<a href=\"https:\/\/www.uibk.ac.at\/de\/international\/aurora\/news\/auroras-summer-2026-courses-are-here-take-a-look\/\">https:\/\/www.uibk.ac.at\/de\/international\/aurora\/news\/auroras-summer-2026-courses-are-here-take-a-look\/<\/a>)<\/p>\n<p>Stay tuned!<\/p>\n<p>Best regards,<br \/>\nYour \u00d6H Executive Team<\/p>\n<p>______________________________________<\/p>\n<p>Julian Herb, Anna Schramm und Gabriela Crnov<\/p>\n<p>Vorsitzteam der Hochsch\u00fclerinnen-<br \/>\nund Hochsch\u00fclerschaft<br \/>\nan der Universit\u00e4t Innsbruck<\/p>\n<p>&nbsp;<\/p>\n<p>&nbsp;<\/p>","protected":false},"excerpt":{"rendered":"<p>Liebe Studierende, die Tage werden k\u00fcrzer, die To-do-Listen l\u00e4nger \u2013 aber keine Sorge: Zum Start in den Dezember haben wir wieder coole Angebote f\u00fcr euch! Ob Weihnachtsmarkt-Ausflug, Vernetzung oder ein Selbstverteidigungskurs im Rahmen der 16 Tage gegen genderbasierte Gewalt \u2013 bei uns ist f\u00fcr alle etwas dabei. Au\u00dferdem l\u00e4uft die Frist f\u00fcr die Beantragung der [&hellip;]<\/p>\n","protected":false},"author":5,"featured_media":1609,"comment_status":"closed","ping_status":"closed","sticky":false,"template":"","format":"standard","meta":{"inline_featured_image":false,"footnotes":""},"categories":[1],"tags":[],"class_list":["post-10911","post","type-post","status-publish","format-standard","has-post-thumbnail","hentry","category-allgemein"],"yoast_head":"<!-- This site is optimized with the Yoast SEO plugin v21.8.1 - https:\/\/yoast.com\/wordpress\/plugins\/seo\/ -->\n<title>Newsletter November 2025_2 - \u00d6H Innsbruck<\/title>\n<meta name=\"robots\" content=\"index, follow, max-snippet:-1, max-image-preview:large, max-video-preview:-1\" \/>\n<link rel=\"canonical\" href=\"https:\/\/www.oehweb.at\/en\/newsletter-november-2025_2\/\" \/>\n<meta property=\"og:locale\" content=\"en_GB\" \/>\n<meta property=\"og:type\" content=\"article\" \/>\n<meta property=\"og:title\" content=\"Newsletter November 2025_2 - \u00d6H Innsbruck\" \/>\n<meta property=\"og:description\" content=\"Liebe Studierende, die Tage werden k\u00fcrzer, die To-do-Listen l\u00e4nger \u2013 aber keine Sorge: Zum Start in den Dezember haben wir wieder coole Angebote f\u00fcr euch! Ob Weihnachtsmarkt-Ausflug, Vernetzung oder ein Selbstverteidigungskurs im Rahmen der 16 Tage gegen genderbasierte Gewalt \u2013 bei uns ist f\u00fcr alle etwas dabei. Au\u00dferdem l\u00e4uft die Frist f\u00fcr die Beantragung der [&hellip;]\" \/>\n<meta property=\"og:url\" content=\"https:\/\/www.oehweb.at\/en\/newsletter-november-2025_2\/\" \/>\n<meta property=\"og:site_name\" content=\"\u00d6H Innsbruck\" \/>\n<meta property=\"article:published_time\" content=\"2025-11-28T08:27:22+00:00\" \/>\n<meta property=\"article:modified_time\" content=\"2025-11-28T09:02:36+00:00\" \/>\n<meta property=\"og:image\" content=\"https:\/\/www.oehweb.at\/wp-content\/uploads\/2021\/03\/Newsletter-1.jpg\" \/>\n\t<meta property=\"og:image:width\" content=\"1280\" \/>\n\t<meta property=\"og:image:height\" content=\"960\" \/>\n\t<meta property=\"og:image:type\" content=\"image\/jpeg\" \/>\n<meta name=\"author\" content=\"OEH Innsbruck\" \/>\n<meta name=\"twitter:card\" content=\"summary_large_image\" \/>\n<meta name=\"twitter:label1\" content=\"Written by\" \/>\n\t<meta name=\"twitter:data1\" content=\"OEH Innsbruck\" \/>\n\t<meta name=\"twitter:label2\" content=\"Estimated reading time\" \/>\n\t<meta name=\"twitter:data2\" content=\"12 minutes\" \/>\n<script type=\"application\/ld+json\" class=\"yoast-schema-graph\">{\"@context\":\"https:\/\/schema.org\",\"@graph\":[{\"@type\":\"Article\",\"@id\":\"https:\/\/www.oehweb.at\/newsletter-november-2025_2\/#article\",\"isPartOf\":{\"@id\":\"https:\/\/www.oehweb.at\/newsletter-november-2025_2\/\"},\"author\":{\"name\":\"OEH Innsbruck\",\"@id\":\"https:\/\/www.oehweb.at\/#\/schema\/person\/70c69413dd3501c0c40fbc1430d34564\"},\"headline\":\"Newsletter November 2025_2\",\"datePublished\":\"2025-11-28T08:27:22+00:00\",\"dateModified\":\"2025-11-28T09:02:36+00:00\",\"mainEntityOfPage\":{\"@id\":\"https:\/\/www.oehweb.at\/newsletter-november-2025_2\/\"},\"wordCount\":2070,\"publisher\":{\"@id\":\"https:\/\/www.oehweb.at\/#organization\"},\"articleSection\":[\"Allgemein\"],\"inLanguage\":\"en-GB\"},{\"@type\":\"WebPage\",\"@id\":\"https:\/\/www.oehweb.at\/newsletter-november-2025_2\/\",\"url\":\"https:\/\/www.oehweb.at\/newsletter-november-2025_2\/\",\"name\":\"Newsletter November 2025_2 - \u00d6H Innsbruck\",\"isPartOf\":{\"@id\":\"https:\/\/www.oehweb.at\/#website\"},\"datePublished\":\"2025-11-28T08:27:22+00:00\",\"dateModified\":\"2025-11-28T09:02:36+00:00\",\"breadcrumb\":{\"@id\":\"https:\/\/www.oehweb.at\/newsletter-november-2025_2\/#breadcrumb\"},\"inLanguage\":\"en-GB\",\"potentialAction\":[{\"@type\":\"ReadAction\",\"target\":[\"https:\/\/www.oehweb.at\/newsletter-november-2025_2\/\"]}]},{\"@type\":\"BreadcrumbList\",\"@id\":\"https:\/\/www.oehweb.at\/newsletter-november-2025_2\/#breadcrumb\",\"itemListElement\":[{\"@type\":\"ListItem\",\"position\":1,\"name\":\"Home\",\"item\":\"https:\/\/www.oehweb.at\/\"},{\"@type\":\"ListItem\",\"position\":2,\"name\":\"Newsletter November 2025_2\"}]},{\"@type\":\"WebSite\",\"@id\":\"https:\/\/www.oehweb.at\/#website\",\"url\":\"https:\/\/www.oehweb.at\/\",\"name\":\"\u00d6H Innsbruck\",\"description\":\"Wir sind die \u00d6sterreichische Hochsch\u00fclerInnenschaft an der Universit\u00e4t Innsbruck\",\"publisher\":{\"@id\":\"https:\/\/www.oehweb.at\/#organization\"},\"potentialAction\":[{\"@type\":\"SearchAction\",\"target\":{\"@type\":\"EntryPoint\",\"urlTemplate\":\"https:\/\/www.oehweb.at\/?s={search_term_string}\"},\"query-input\":\"required name=search_term_string\"}],\"inLanguage\":\"en-GB\"},{\"@type\":\"Organization\",\"@id\":\"https:\/\/www.oehweb.at\/#organization\",\"name\":\"\u00d6H Innsrbruck\",\"url\":\"https:\/\/www.oehweb.at\/\",\"logo\":{\"@type\":\"ImageObject\",\"inLanguage\":\"en-GB\",\"@id\":\"https:\/\/www.oehweb.at\/#\/schema\/logo\/image\/\",\"url\":\"https:\/\/www.oehweb.at\/wp-content\/uploads\/2020\/11\/OEH-Innsbruck-Logo.svg\",\"contentUrl\":\"https:\/\/www.oehweb.at\/wp-content\/uploads\/2020\/11\/OEH-Innsbruck-Logo.svg\",\"width\":448,\"height\":255,\"caption\":\"\u00d6H Innsrbruck\"},\"image\":{\"@id\":\"https:\/\/www.oehweb.at\/#\/schema\/logo\/image\/\"}},{\"@type\":\"Person\",\"@id\":\"https:\/\/www.oehweb.at\/#\/schema\/person\/70c69413dd3501c0c40fbc1430d34564\",\"name\":\"OEH Innsbruck\",\"image\":{\"@type\":\"ImageObject\",\"inLanguage\":\"en-GB\",\"@id\":\"https:\/\/www.oehweb.at\/#\/schema\/person\/image\/\",\"url\":\"https:\/\/secure.gravatar.com\/avatar\/bda643763d9c226f03befc6c02f867711d0de81b896dff2747848e543a1de895?s=96&d=mm&r=g\",\"contentUrl\":\"https:\/\/secure.gravatar.com\/avatar\/bda643763d9c226f03befc6c02f867711d0de81b896dff2747848e543a1de895?s=96&d=mm&r=g\",\"caption\":\"OEH Innsbruck\"}}]}<\/script>\n<!-- \/ Yoast SEO plugin. -->","yoast_head_json":{"title":"Newsletter November 2025_2 - \u00d6H Innsbruck","robots":{"index":"index","follow":"follow","max-snippet":"max-snippet:-1","max-image-preview":"max-image-preview:large","max-video-preview":"max-video-preview:-1"},"canonical":"https:\/\/www.oehweb.at\/en\/newsletter-november-2025_2\/","og_locale":"en_GB","og_type":"article","og_title":"Newsletter November 2025_2 - \u00d6H Innsbruck","og_description":"Liebe Studierende, die Tage werden k\u00fcrzer, die To-do-Listen l\u00e4nger \u2013 aber keine Sorge: Zum Start in den Dezember haben wir wieder coole Angebote f\u00fcr euch! Ob Weihnachtsmarkt-Ausflug, Vernetzung oder ein Selbstverteidigungskurs im Rahmen der 16 Tage gegen genderbasierte Gewalt \u2013 bei uns ist f\u00fcr alle etwas dabei. Au\u00dferdem l\u00e4uft die Frist f\u00fcr die Beantragung der [&hellip;]","og_url":"https:\/\/www.oehweb.at\/en\/newsletter-november-2025_2\/","og_site_name":"\u00d6H Innsbruck","article_published_time":"2025-11-28T08:27:22+00:00","article_modified_time":"2025-11-28T09:02:36+00:00","og_image":[{"width":1280,"height":960,"url":"https:\/\/www.oehweb.at\/wp-content\/uploads\/2021\/03\/Newsletter-1.jpg","type":"image\/jpeg"}],"author":"OEH Innsbruck","twitter_card":"summary_large_image","twitter_misc":{"Written by":"OEH Innsbruck","Estimated reading time":"12 minutes"},"schema":{"@context":"https:\/\/schema.org","@graph":[{"@type":"Article","@id":"https:\/\/www.oehweb.at\/newsletter-november-2025_2\/#article","isPartOf":{"@id":"https:\/\/www.oehweb.at\/newsletter-november-2025_2\/"},"author":{"name":"OEH Innsbruck","@id":"https:\/\/www.oehweb.at\/#\/schema\/person\/70c69413dd3501c0c40fbc1430d34564"},"headline":"Newsletter November 2025_2","datePublished":"2025-11-28T08:27:22+00:00","dateModified":"2025-11-28T09:02:36+00:00","mainEntityOfPage":{"@id":"https:\/\/www.oehweb.at\/newsletter-november-2025_2\/"},"wordCount":2070,"publisher":{"@id":"https:\/\/www.oehweb.at\/#organization"},"articleSection":["Allgemein"],"inLanguage":"en-GB"},{"@type":"WebPage","@id":"https:\/\/www.oehweb.at\/newsletter-november-2025_2\/","url":"https:\/\/www.oehweb.at\/newsletter-november-2025_2\/","name":"Newsletter November 2025_2 - \u00d6H Innsbruck","isPartOf":{"@id":"https:\/\/www.oehweb.at\/#website"},"datePublished":"2025-11-28T08:27:22+00:00","dateModified":"2025-11-28T09:02:36+00:00","breadcrumb":{"@id":"https:\/\/www.oehweb.at\/newsletter-november-2025_2\/#breadcrumb"},"inLanguage":"en-GB","potentialAction":[{"@type":"ReadAction","target":["https:\/\/www.oehweb.at\/newsletter-november-2025_2\/"]}]},{"@type":"BreadcrumbList","@id":"https:\/\/www.oehweb.at\/newsletter-november-2025_2\/#breadcrumb","itemListElement":[{"@type":"ListItem","position":1,"name":"Home","item":"https:\/\/www.oehweb.at\/"},{"@type":"ListItem","position":2,"name":"Newsletter November 2025_2"}]},{"@type":"WebSite","@id":"https:\/\/www.oehweb.at\/#website","url":"https:\/\/www.oehweb.at\/","name":"\u00d6H Innsbruck","description":"Wir sind die \u00d6sterreichische Hochsch\u00fclerInnenschaft an der Universit\u00e4t Innsbruck","publisher":{"@id":"https:\/\/www.oehweb.at\/#organization"},"potentialAction":[{"@type":"SearchAction","target":{"@type":"EntryPoint","urlTemplate":"https:\/\/www.oehweb.at\/?s={search_term_string}"},"query-input":"required name=search_term_string"}],"inLanguage":"en-GB"},{"@type":"Organization","@id":"https:\/\/www.oehweb.at\/#organization","name":"\u00d6H Innsrbruck","url":"https:\/\/www.oehweb.at\/","logo":{"@type":"ImageObject","inLanguage":"en-GB","@id":"https:\/\/www.oehweb.at\/#\/schema\/logo\/image\/","url":"https:\/\/www.oehweb.at\/wp-content\/uploads\/2020\/11\/OEH-Innsbruck-Logo.svg","contentUrl":"https:\/\/www.oehweb.at\/wp-content\/uploads\/2020\/11\/OEH-Innsbruck-Logo.svg","width":448,"height":255,"caption":"\u00d6H Innsrbruck"},"image":{"@id":"https:\/\/www.oehweb.at\/#\/schema\/logo\/image\/"}},{"@type":"Person","@id":"https:\/\/www.oehweb.at\/#\/schema\/person\/70c69413dd3501c0c40fbc1430d34564","name":"OEH Innsbruck","image":{"@type":"ImageObject","inLanguage":"en-GB","@id":"https:\/\/www.oehweb.at\/#\/schema\/person\/image\/","url":"https:\/\/secure.gravatar.com\/avatar\/bda643763d9c226f03befc6c02f867711d0de81b896dff2747848e543a1de895?s=96&d=mm&r=g","contentUrl":"https:\/\/secure.gravatar.com\/avatar\/bda643763d9c226f03befc6c02f867711d0de81b896dff2747848e543a1de895?s=96&d=mm&r=g","caption":"OEH Innsbruck"}}]}},"_links":{"self":[{"href":"https:\/\/www.oehweb.at\/en\/wp-json\/wp\/v2\/posts\/10911","targetHints":{"allow":["GET"]}}],"collection":[{"href":"https:\/\/www.oehweb.at\/en\/wp-json\/wp\/v2\/posts"}],"about":[{"href":"https:\/\/www.oehweb.at\/en\/wp-json\/wp\/v2\/types\/post"}],"author":[{"embeddable":true,"href":"https:\/\/www.oehweb.at\/en\/wp-json\/wp\/v2\/users\/5"}],"replies":[{"embeddable":true,"href":"https:\/\/www.oehweb.at\/en\/wp-json\/wp\/v2\/comments?post=10911"}],"version-history":[{"count":6,"href":"https:\/\/www.oehweb.at\/en\/wp-json\/wp\/v2\/posts\/10911\/revisions"}],"predecessor-version":[{"id":10917,"href":"https:\/\/www.oehweb.at\/en\/wp-json\/wp\/v2\/posts\/10911\/revisions\/10917"}],"wp:featuredmedia":[{"embeddable":true,"href":"https:\/\/www.oehweb.at\/en\/wp-json\/wp\/v2\/media\/1609"}],"wp:attachment":[{"href":"https:\/\/www.oehweb.at\/en\/wp-json\/wp\/v2\/media?parent=10911"}],"wp:term":[{"taxonomy":"category","embeddable":true,"href":"https:\/\/www.oehweb.at\/en\/wp-json\/wp\/v2\/categories?post=10911"},{"taxonomy":"post_tag","embeddable":true,"href":"https:\/\/www.oehweb.at\/en\/wp-json\/wp\/v2\/tags?post=10911"}],"curies":[{"name":"wp","href":"https:\/\/api.w.org\/{rel}","templated":true}]}}