{"id":11011,"date":"2026-02-02T13:25:32","date_gmt":"2026-02-02T12:25:32","guid":{"rendered":"https:\/\/www.oehweb.at\/?p=11011"},"modified":"2026-02-02T13:40:31","modified_gmt":"2026-02-02T12:40:31","slug":"newsletter-februar-2026","status":"publish","type":"post","link":"https:\/\/www.oehweb.at\/en\/newsletter-februar-2026\/","title":{"rendered":"Newsletter Februar 2026"},"content":{"rendered":"<p>Dear students,<\/p>\n<p>Hinter uns liegen anstrengende Wochen und wir hoffen sehr, dass ihr die Pr\u00fcfungsphase gut \u00fcberstanden habt! Wir wissen, wie viel Energie das kostet, und dr\u00fccken euch f\u00fcr die letzten Ergebnisse fest die Daumen. Falls ihr noch mitten im Endspurt steckt: Ihr schafft das und wir w\u00fcnschen euch noch ganz viel Kraft!<\/p>\n<p>Bevor es in die vorlesungsfreie Zeit geht, haben wir noch eine wichtige Ank\u00fcndigung f\u00fcr euch, die uns sehr freut: Der Psychotherapief\u00f6rdertopf ist wieder f\u00fcr euch da!<br \/>\nDenn eines ist klar: mentale Gesundheit darf kein Luxusgut sein.<br \/>\nZudem haben wir dieses Mal auch ein kleines Gewinnspiel, ein wichtiges Angebot der Universit\u00e4t und einen Veranstaltungstipp f\u00fcr euch:<\/p>\n<p>1) Der Psychotherapief\u00f6rdertopf ist wieder da!<br \/>\n2) Filmtipp &#8222;NO MERCY&#8220; mit Gewinnspiel<br \/>\n3) Kostenlose Unterst\u00fctzung bei ADHS &amp; Autismus &#8211; Jetzt anmelden!<br \/>\n4) ELSA x SOFI Day<\/p>\n<p>Viel Spa\u00df beim Lesen!<\/p>\n<p>Euer \u00d6H-Vorsitzteam<br \/>\nJulian Herb &#8211; Anna Schramm &#8211; Gabriela Crnov<\/p>\n<p>&#8211;<\/p>\n<p>1) Der Psychotherapief\u00f6rdertopf ist wieder da!<\/p>\n<p>Wir haben gute Neuigkeiten f\u00fcr euch! Der Psychotherapief\u00f6rdertopf ist wieder da!<\/p>\n<p>Psychische Gesundheit ist nicht selbstverst\u00e4ndlich und gerade im Studienalltag immer h\u00e4ufiger ein Problem. Zudem sind Therapiepl\u00e4tze oft schwer zu bekommen und sehr teuer.<\/p>\n<p>Mental health und eine Behandlung d\u00fcrfen aber keine Luxusg\u00fcter sein!<br \/>\nWir als \u00d6H lassen euch hier nicht im Regen stehen und schaffen mit dem F\u00f6rdertopf eine Unterst\u00fctzung bis zu 560 Euro. Nutzt die Chance und reicht eure Antr\u00e4ge ein!<\/p>\n<p>Da das Budget begrenzt ist, werden die Antr\u00e4ge nach dem Prinzip First come, first serve bearbeitet.<\/p>\n<p>So stellst du deinen Antrag:<br \/>\n1. Infos einholen: Besuche <a href=\"https:\/\/www.oehweb.at\/en\/zuschusstopf-fuer-psychotherapie\/\">https:\/\/www.oehweb.at\/zuschusstopf-fuer-psychotherapie\/<\/a><br \/>\n2. Richtlinien lesen: Pr\u00fcfe bitte die Voraussetzungen.<br \/>\n3. Formular nutzen: Antrag herunterladen und ausf\u00fcllen.<br \/>\n4. Online einreichen: Belege sammeln und \u00fcber das Web Formular hochladen.<br \/>\n5. Mail Check: Behalte regelm\u00e4\u00dfig deine Studierendenmail im Auge f\u00fcr m\u00f6gliche R\u00fcckfragen!<\/p>\n<p>Fragen? Schreib uns an <a href=\"mailto:psychotherapie@oeh.cc\">psychotherapie@oeh.cc<\/a>. Wir helfen dir gerne.<\/p>\n<p>&#8211;<\/p>\n<p>2) Filmtipp &#8222;NO MERCY&#8220; von Isa Willinger mit Gewinnspiel<\/p>\n<p>&#8211; Ab 27. Februar im Kino<\/p>\n<p>&#8222;No Mercy&#8220; vereint die revolution\u00e4rsten Regisseurinnen* unserer Zeit in einem explosiven Dialog \u00fcber Macht, Lust, Wut und Freiheit. Ein filmischer Streifzug ins Herz des feministischen Filmschaffens: kompromisslos, sinnlich und humorvoll &#8211; und vor allem ein gro\u00dfes Kinoerlebnis.<\/p>\n<p>Im Zentrum stehen C\u00e9line Sciamma, Alice Diop, Joey Soloway, Nina Menkes, Valie Export, Catherine Breillat, Ana Lily Amirpour und Virginie Despentes &#8211; und mit ihnen ein ganzes Universum an Filmemacherinnen* &#8211; von Pionierinnen* des feministischen Kinos \u00fcber experimentelle K\u00fcnstlerinnen* bis hin zu internationalen Stimmen der Gegenwart.<\/p>\n<p>Und f\u00fcr die Vorstellung mit Regisseurin Isa Willinger zu Gast am 8.3. im Leokino haben wir 2&#215;2 Tickets zu verlosen!<\/p>\n<p>Den Link f\u00fcr die Teilnahme findet ihr hier: <a href=\"https:\/\/forms.gle\/hDQ7P5QubSyBzUkT8\">https:\/\/forms.gle\/hDQ7P5QubSyBzUkT8<\/a><\/p>\n<p>&#8211;<\/p>\n<p>3) Kostenlose Unterst\u00fctzung bei ADHS &amp; Autismus &#8211; Jetzt anmelden!<\/p>\n<p>S-AAL bietet von Mitte M\u00e4rz bis Ende Mai kostenlose Kurzzeit-Interventionen f\u00fcr Studierende mit ADHS bzw. Autismus-Spektrum-St\u00f6rung an:<\/p>\n<p>&#8211; AD(H)S-Interventionsprogramm: Fokus auf Organisation, Zeitmanagement, Emotionsregulation und den Umgang mit Prokrastination. Durch hilfreiche Strategien soll der Studienalltag nachhaltig erleichtert werden.<\/p>\n<p>&#8211; Autismus-Interventionsprogramm: zielt darauf ab, soziale Fertigkeiten zu st\u00e4rken und den Umgang mit sozio-emotionalen Herausforderungen im Studium zu erleichtern, um sicherer in sozialen Situationen zu agieren.<\/p>\n<p>Beide Programme umfassen w\u00f6chentliche Gruppensitzungen (8-10 Einheiten) und werden wissenschaftlich evaluiert. Eine offizielle Diagnose ist nicht zwingend erforderlich; ein Vorab-Screening findet statt.<\/p>\n<p>Anmeldung und Infos: <a href=\"mailto:laura.staller@uibk.ac.at\">laura.staller@uibk.ac.at<\/a><\/p>\n<p>&#8211;<\/p>\n<p>4) ELSA x SOFI Day<\/p>\n<p>Wir freuen uns, euch zu unserem ersten ELSA x SOFI Day einladen zu d\u00fcrfen!<\/p>\n<p>Zeitplan 04.02.2026:<\/p>\n<p>&#8211; 15:00-16:30 Uhr Workshop mit Gleichbehandlungsanwaltschaft<br \/>\n&#8211; 17:00-18:30 Uhr Vortrag zu feministischen Rechtswissenschaften &amp; geschlechtergerechter Sprache im Recht<br \/>\n&#8211; 20:00 Uhr Pubquiz im Maria-Theresia (Teams: 3-5 Personen\/Team)<\/p>\n<p>Datum: 04.02.2026<br \/>\nUhrzeit: 15:00 Uhr<\/p>\n<p>Ort:<br \/>\n&#8211; Seminarraum 14, \u00c1gnes-Heller-Haus, Innrain 52a; 6020 Innsbruck<br \/>\n&#8211; mariatheresia Innsbruck, Maria-Theresien-Stra\u00dfe 51\/53, 6020 Innsbruck<\/p>\n<p>F\u00fcr die Anmeldung: <a href=\"https:\/\/forms.gle\/PQxcBDqcArMPA6XN7\">https:\/\/forms.gle\/PQxcBDqcArMPA6XN7<\/a><\/p>\n<p>Euer ELSA &amp; SOFI Team<\/p>\n<p>Liebe Gr\u00fc\u00dfe,<br \/>\ndein \u00d6H Vorsitzteam<br \/>\n______________________________________<\/p>\n<p>Julian Herb, Anna Schramm und Gabriela Crnov<\/p>\n<p>Vorsitzteam der Hochsch\u00fclerinnen-<br \/>\nund Hochsch\u00fclerschaft<br \/>\nan der Universit\u00e4t Innsbruck<\/p>\n<p><strong><em>English Version<\/em><\/strong><\/p>\n<p>Dear Students,<\/p>\n<p>The past few weeks have been intense, and we truly hope you&#8217;ve made it through the exam period well! We know how much energy this requires, and we are keeping our fingers crossed for your final results. If you are still in the middle of the final sprint: You can do this, and we wish you lots of strength for the home stretch!<\/p>\n<p>Before the lecture-free period begins, we have an important announcement that we are very excited about: The Psychotherapy Funding Pot is back for you! Because one thing is clear: mental health should never be a luxury.<br \/>\nAdditionally, this time we have a small giveaway, an important university service, and an event tip for you:<\/p>\n<p>1) The Psychotherapy Funding Pot is back!<br \/>\n2) Film tip &#8222;NO MERCY&#8220; with a giveaway<br \/>\n3) Free support for ADHD &amp; Autism &#8211; Sign up now!<br \/>\n4) ELSA x SOFI Day<\/p>\n<p>Happy reading!<\/p>\n<p>Your \u00d6H Chair Team<br \/>\nJulian Herb &#8211; Anna Schramm &#8211; Gabriela Crnov<\/p>\n<p>&#8211;<\/p>\n<p>1) The Psychotherapy Funding Pot is back!<\/p>\n<p>We have great news for you! The Psychotherapy Funding Pot is available once again.<br \/>\nMental health is not something to be taken for granted, and it is becoming an increasingly common challenge in everyday student life. Furthermore, therapy spots are often difficult to find and very expensive.<\/p>\n<p>Mental health and treatment must not be luxury goods! We, the \u00d6H, will not leave you out in the cold. Through this funding pot, we provide support of up to 560 euros. Take this opportunity and submit your applications!<\/p>\n<p>Since the budget is limited, applications will be processed on a first-come, first-served basis.<\/p>\n<p>How to submit your application:<br \/>\n1. Get informed: Visit <a href=\"https:\/\/www.oehweb.at\/en\/zuschusstopf-fuer-psychotherapie\/\">https:\/\/www.oehweb.at\/zuschusstopf-fuer-psychotherapie\/<\/a><br \/>\n2. Read the guidelines: Please check the eligibility requirements.<br \/>\n3. Use the form: Download and fill out the application.<br \/>\n4. Submit online: Collect your receipts and upload them via the web form.<br \/>\n5. Check your mail: Keep a close eye on your student email for any follow-up questions!<\/p>\n<p>Questions? Write to us at <a href=\"mailto:psychotherapie@oeh.cc\">psychotherapie@oeh.cc<\/a>. We are happy to help.<\/p>\n<p>&#8211;<\/p>\n<p>2) Film tip &#8222;NO MERCY&#8220; with a giveaway<\/p>\n<p>NO MERCY by Isa Willinger<br \/>\nIn cinemas from February 27<\/p>\n<p>NO MERCY brings together the most revolutionary female* directors of our time in an explosive dialogue about power, desire, rage, and freedom. A cinematic journey to the heart of feminist filmmaking: uncompromising, sensual, and humorous &#8211; and above all, a truly powerful big-screen experience.<\/p>\n<p>At its center are C\u00e9line Sciamma, Alice Diop, Joey Soloway, Nina Menkes, Valie Export, Catherine Breillat, Ana Lily Amirpour, and Virginie Despentes &#8211; alongside an entire universe of female* filmmakers, ranging from pioneers of feminist cinema and experimental artists to contemporary international voices.<\/p>\n<p>And for the screening with director Isa Willinger attending as a special guest on March 8 at Leokino, we are giving away 2 x 2 tickets!<\/p>\n<p>You can find the link to participate here: <a href=\"https:\/\/forms.gle\/hDQ7P5QubSyBzUkT8\">https:\/\/forms.gle\/hDQ7P5QubSyBzUkT8<\/a><\/p>\n<p>&#8211;<\/p>\n<p>3) Free support for ADHD &amp; Autism &#8211; Sign up now!<\/p>\n<p>S-AAL offers free short-term interventions for students with ADHD or Autism Spectrum Disorder from mid-March to the end of May:<\/p>\n<p>&#8211; ADHD Program: Focuses on organization, planning, time management, emotion regulation and tackling procrastination. It aims to provide helpful strategies to sustainably facilitate daily student life.<\/p>\n<p>&#8211; Autism Program: Aims to strengthen social skills and facilitate navigating socio-emotional challenges to act more confidently and self-assuredly in social situations during studies and everyday life.<\/p>\n<p>Both programs consist of 8-10 weekly group sessions and are scientifically evaluated. An official diagnosis is not mandatory; a preliminary screening will be conducted.<\/p>\n<p>Registration\/Info: <a href=\"mailto:laura.staller@uibk.ac.at\">laura.staller@uibk.ac.at<\/a><\/p>\n<p>&#8211;<\/p>\n<p>4) ELSA x SOFI Day<\/p>\n<p>We are delighted to invite you to our very first ELSA x SOFI Day!<\/p>\n<p>Schedule Feb 4, 2026, starting at 3:00 PM:<\/p>\n<p>&#8211; 3:00 PM &#8211; 4:30 PM: Workshop with the Ombud for Equal Treatment (Gleichbehandlungsanwaltschaft)<\/p>\n<p>&#8211; 5:00 PM &#8211; 6:30 PM: Lecture on Feminist Jurisprudence &amp; Gender-Neutral Language in Law<\/p>\n<p>&#8211; 8:00 PM: Pub Quiz at Maria-Theresia (Teams: 3-5 people per team)<\/p>\n<p>Locations:<br \/>\n&#8211; Workshop &amp; Lecture: Seminar Room 14, \u00c1gnes-Heller-Haus, Innrain 52a, 6020 Innsbruck<br \/>\n&#8211; Pub Quiz: mariatheresia Innsbruck, Maria-Theresien-Stra\u00dfe 51\/53, 6020 Innsbruck<\/p>\n<p>Registration: Sign up here: <a href=\"https:\/\/forms.gle\/PQxcBDqcArMPA6XN7\">https:\/\/forms.gle\/PQxcBDqcArMPA6XN7<\/a><\/p>\n<p>We look forward to seeing you there!<br \/>\nYour ELSA &amp; SOFI Team<\/p>\n<p>&#8211;<\/p>\n<p>Best regards,<\/p>\n<p>Your \u00d6H Executive Team<br \/>\n______________________________________<\/p>\n<p>Julian Herb, Anna Schramm, Gabriela Crnov<\/p>\n<p>Vorsitzteam der Hochsch\u00fclerinnen-<br \/>\nund Hochsch\u00fclerschaft<br \/>\nan der Universit\u00e4t Innsbruck<\/p>","protected":false},"excerpt":{"rendered":"<p>Liebe Studierende, Hinter uns liegen anstrengende Wochen und wir hoffen sehr, dass ihr die Pr\u00fcfungsphase gut \u00fcberstanden habt! Wir wissen, wie viel Energie das kostet, und dr\u00fccken euch f\u00fcr die letzten Ergebnisse fest die Daumen. Falls ihr noch mitten im Endspurt steckt: Ihr schafft das und wir w\u00fcnschen euch noch ganz viel Kraft! Bevor es [&hellip;]<\/p>\n","protected":false},"author":5,"featured_media":11020,"comment_status":"closed","ping_status":"closed","sticky":false,"template":"","format":"standard","meta":{"inline_featured_image":false,"footnotes":""},"categories":[1],"tags":[],"class_list":["post-11011","post","type-post","status-publish","format-standard","has-post-thumbnail","hentry","category-allgemein"],"yoast_head":"<!-- This site is optimized with the Yoast SEO plugin v21.8.1 - https:\/\/yoast.com\/wordpress\/plugins\/seo\/ -->\n<title>Newsletter Februar 2026 - \u00d6H Innsbruck<\/title>\n<meta name=\"robots\" content=\"index, follow, max-snippet:-1, max-image-preview:large, max-video-preview:-1\" \/>\n<link rel=\"canonical\" href=\"https:\/\/www.oehweb.at\/en\/newsletter-februar-2026\/\" \/>\n<meta property=\"og:locale\" content=\"en_GB\" \/>\n<meta property=\"og:type\" content=\"article\" \/>\n<meta property=\"og:title\" content=\"Newsletter Februar 2026 - \u00d6H Innsbruck\" \/>\n<meta property=\"og:description\" content=\"Liebe Studierende, Hinter uns liegen anstrengende Wochen und wir hoffen sehr, dass ihr die Pr\u00fcfungsphase gut \u00fcberstanden habt! Wir wissen, wie viel Energie das kostet, und dr\u00fccken euch f\u00fcr die letzten Ergebnisse fest die Daumen. Falls ihr noch mitten im Endspurt steckt: Ihr schafft das und wir w\u00fcnschen euch noch ganz viel Kraft! Bevor es [&hellip;]\" \/>\n<meta property=\"og:url\" content=\"https:\/\/www.oehweb.at\/en\/newsletter-februar-2026\/\" \/>\n<meta property=\"og:site_name\" content=\"\u00d6H Innsbruck\" \/>\n<meta property=\"article:published_time\" content=\"2026-02-02T12:25:32+00:00\" \/>\n<meta property=\"article:modified_time\" content=\"2026-02-02T12:40:31+00:00\" \/>\n<meta property=\"og:image\" content=\"https:\/\/www.oehweb.at\/wp-content\/uploads\/2026\/02\/Screenshot-2026-02-02-at-13-39-31-Instagram.png\" \/>\n\t<meta property=\"og:image:width\" content=\"479\" \/>\n\t<meta property=\"og:image:height\" content=\"598\" \/>\n\t<meta property=\"og:image:type\" content=\"image\/png\" \/>\n<meta name=\"author\" content=\"OEH Innsbruck\" \/>\n<meta name=\"twitter:card\" content=\"summary_large_image\" \/>\n<meta name=\"twitter:label1\" content=\"Written by\" \/>\n\t<meta name=\"twitter:data1\" content=\"OEH Innsbruck\" \/>\n\t<meta name=\"twitter:label2\" content=\"Estimated reading time\" \/>\n\t<meta name=\"twitter:data2\" content=\"8 minutes\" \/>\n<script type=\"application\/ld+json\" class=\"yoast-schema-graph\">{\"@context\":\"https:\/\/schema.org\",\"@graph\":[{\"@type\":\"Article\",\"@id\":\"https:\/\/www.oehweb.at\/newsletter-februar-2026\/#article\",\"isPartOf\":{\"@id\":\"https:\/\/www.oehweb.at\/newsletter-februar-2026\/\"},\"author\":{\"name\":\"OEH Innsbruck\",\"@id\":\"https:\/\/www.oehweb.at\/#\/schema\/person\/70c69413dd3501c0c40fbc1430d34564\"},\"headline\":\"Newsletter Februar 2026\",\"datePublished\":\"2026-02-02T12:25:32+00:00\",\"dateModified\":\"2026-02-02T12:40:31+00:00\",\"mainEntityOfPage\":{\"@id\":\"https:\/\/www.oehweb.at\/newsletter-februar-2026\/\"},\"wordCount\":1399,\"publisher\":{\"@id\":\"https:\/\/www.oehweb.at\/#organization\"},\"articleSection\":[\"Allgemein\"],\"inLanguage\":\"en-GB\"},{\"@type\":\"WebPage\",\"@id\":\"https:\/\/www.oehweb.at\/newsletter-februar-2026\/\",\"url\":\"https:\/\/www.oehweb.at\/newsletter-februar-2026\/\",\"name\":\"Newsletter Februar 2026 - \u00d6H Innsbruck\",\"isPartOf\":{\"@id\":\"https:\/\/www.oehweb.at\/#website\"},\"datePublished\":\"2026-02-02T12:25:32+00:00\",\"dateModified\":\"2026-02-02T12:40:31+00:00\",\"breadcrumb\":{\"@id\":\"https:\/\/www.oehweb.at\/newsletter-februar-2026\/#breadcrumb\"},\"inLanguage\":\"en-GB\",\"potentialAction\":[{\"@type\":\"ReadAction\",\"target\":[\"https:\/\/www.oehweb.at\/newsletter-februar-2026\/\"]}]},{\"@type\":\"BreadcrumbList\",\"@id\":\"https:\/\/www.oehweb.at\/newsletter-februar-2026\/#breadcrumb\",\"itemListElement\":[{\"@type\":\"ListItem\",\"position\":1,\"name\":\"Home\",\"item\":\"https:\/\/www.oehweb.at\/\"},{\"@type\":\"ListItem\",\"position\":2,\"name\":\"Newsletter Februar 2026\"}]},{\"@type\":\"WebSite\",\"@id\":\"https:\/\/www.oehweb.at\/#website\",\"url\":\"https:\/\/www.oehweb.at\/\",\"name\":\"\u00d6H Innsbruck\",\"description\":\"Wir sind die \u00d6sterreichische Hochsch\u00fclerInnenschaft an der Universit\u00e4t Innsbruck\",\"publisher\":{\"@id\":\"https:\/\/www.oehweb.at\/#organization\"},\"potentialAction\":[{\"@type\":\"SearchAction\",\"target\":{\"@type\":\"EntryPoint\",\"urlTemplate\":\"https:\/\/www.oehweb.at\/?s={search_term_string}\"},\"query-input\":\"required name=search_term_string\"}],\"inLanguage\":\"en-GB\"},{\"@type\":\"Organization\",\"@id\":\"https:\/\/www.oehweb.at\/#organization\",\"name\":\"\u00d6H Innsrbruck\",\"url\":\"https:\/\/www.oehweb.at\/\",\"logo\":{\"@type\":\"ImageObject\",\"inLanguage\":\"en-GB\",\"@id\":\"https:\/\/www.oehweb.at\/#\/schema\/logo\/image\/\",\"url\":\"https:\/\/www.oehweb.at\/wp-content\/uploads\/2020\/11\/OEH-Innsbruck-Logo.svg\",\"contentUrl\":\"https:\/\/www.oehweb.at\/wp-content\/uploads\/2020\/11\/OEH-Innsbruck-Logo.svg\",\"width\":448,\"height\":255,\"caption\":\"\u00d6H Innsrbruck\"},\"image\":{\"@id\":\"https:\/\/www.oehweb.at\/#\/schema\/logo\/image\/\"}},{\"@type\":\"Person\",\"@id\":\"https:\/\/www.oehweb.at\/#\/schema\/person\/70c69413dd3501c0c40fbc1430d34564\",\"name\":\"OEH Innsbruck\",\"image\":{\"@type\":\"ImageObject\",\"inLanguage\":\"en-GB\",\"@id\":\"https:\/\/www.oehweb.at\/#\/schema\/person\/image\/\",\"url\":\"https:\/\/secure.gravatar.com\/avatar\/bda643763d9c226f03befc6c02f867711d0de81b896dff2747848e543a1de895?s=96&d=mm&r=g\",\"contentUrl\":\"https:\/\/secure.gravatar.com\/avatar\/bda643763d9c226f03befc6c02f867711d0de81b896dff2747848e543a1de895?s=96&d=mm&r=g\",\"caption\":\"OEH Innsbruck\"}}]}<\/script>\n<!-- \/ Yoast SEO plugin. -->","yoast_head_json":{"title":"Newsletter Februar 2026 - \u00d6H Innsbruck","robots":{"index":"index","follow":"follow","max-snippet":"max-snippet:-1","max-image-preview":"max-image-preview:large","max-video-preview":"max-video-preview:-1"},"canonical":"https:\/\/www.oehweb.at\/en\/newsletter-februar-2026\/","og_locale":"en_GB","og_type":"article","og_title":"Newsletter Februar 2026 - \u00d6H Innsbruck","og_description":"Liebe Studierende, Hinter uns liegen anstrengende Wochen und wir hoffen sehr, dass ihr die Pr\u00fcfungsphase gut \u00fcberstanden habt! Wir wissen, wie viel Energie das kostet, und dr\u00fccken euch f\u00fcr die letzten Ergebnisse fest die Daumen. Falls ihr noch mitten im Endspurt steckt: Ihr schafft das und wir w\u00fcnschen euch noch ganz viel Kraft! Bevor es [&hellip;]","og_url":"https:\/\/www.oehweb.at\/en\/newsletter-februar-2026\/","og_site_name":"\u00d6H Innsbruck","article_published_time":"2026-02-02T12:25:32+00:00","article_modified_time":"2026-02-02T12:40:31+00:00","og_image":[{"width":479,"height":598,"url":"https:\/\/www.oehweb.at\/wp-content\/uploads\/2026\/02\/Screenshot-2026-02-02-at-13-39-31-Instagram.png","type":"image\/png"}],"author":"OEH Innsbruck","twitter_card":"summary_large_image","twitter_misc":{"Written by":"OEH Innsbruck","Estimated reading time":"8 minutes"},"schema":{"@context":"https:\/\/schema.org","@graph":[{"@type":"Article","@id":"https:\/\/www.oehweb.at\/newsletter-februar-2026\/#article","isPartOf":{"@id":"https:\/\/www.oehweb.at\/newsletter-februar-2026\/"},"author":{"name":"OEH Innsbruck","@id":"https:\/\/www.oehweb.at\/#\/schema\/person\/70c69413dd3501c0c40fbc1430d34564"},"headline":"Newsletter Februar 2026","datePublished":"2026-02-02T12:25:32+00:00","dateModified":"2026-02-02T12:40:31+00:00","mainEntityOfPage":{"@id":"https:\/\/www.oehweb.at\/newsletter-februar-2026\/"},"wordCount":1399,"publisher":{"@id":"https:\/\/www.oehweb.at\/#organization"},"articleSection":["Allgemein"],"inLanguage":"en-GB"},{"@type":"WebPage","@id":"https:\/\/www.oehweb.at\/newsletter-februar-2026\/","url":"https:\/\/www.oehweb.at\/newsletter-februar-2026\/","name":"Newsletter Februar 2026 - \u00d6H Innsbruck","isPartOf":{"@id":"https:\/\/www.oehweb.at\/#website"},"datePublished":"2026-02-02T12:25:32+00:00","dateModified":"2026-02-02T12:40:31+00:00","breadcrumb":{"@id":"https:\/\/www.oehweb.at\/newsletter-februar-2026\/#breadcrumb"},"inLanguage":"en-GB","potentialAction":[{"@type":"ReadAction","target":["https:\/\/www.oehweb.at\/newsletter-februar-2026\/"]}]},{"@type":"BreadcrumbList","@id":"https:\/\/www.oehweb.at\/newsletter-februar-2026\/#breadcrumb","itemListElement":[{"@type":"ListItem","position":1,"name":"Home","item":"https:\/\/www.oehweb.at\/"},{"@type":"ListItem","position":2,"name":"Newsletter Februar 2026"}]},{"@type":"WebSite","@id":"https:\/\/www.oehweb.at\/#website","url":"https:\/\/www.oehweb.at\/","name":"\u00d6H Innsbruck","description":"Wir sind die \u00d6sterreichische Hochsch\u00fclerInnenschaft an der Universit\u00e4t Innsbruck","publisher":{"@id":"https:\/\/www.oehweb.at\/#organization"},"potentialAction":[{"@type":"SearchAction","target":{"@type":"EntryPoint","urlTemplate":"https:\/\/www.oehweb.at\/?s={search_term_string}"},"query-input":"required name=search_term_string"}],"inLanguage":"en-GB"},{"@type":"Organization","@id":"https:\/\/www.oehweb.at\/#organization","name":"\u00d6H Innsrbruck","url":"https:\/\/www.oehweb.at\/","logo":{"@type":"ImageObject","inLanguage":"en-GB","@id":"https:\/\/www.oehweb.at\/#\/schema\/logo\/image\/","url":"https:\/\/www.oehweb.at\/wp-content\/uploads\/2020\/11\/OEH-Innsbruck-Logo.svg","contentUrl":"https:\/\/www.oehweb.at\/wp-content\/uploads\/2020\/11\/OEH-Innsbruck-Logo.svg","width":448,"height":255,"caption":"\u00d6H Innsrbruck"},"image":{"@id":"https:\/\/www.oehweb.at\/#\/schema\/logo\/image\/"}},{"@type":"Person","@id":"https:\/\/www.oehweb.at\/#\/schema\/person\/70c69413dd3501c0c40fbc1430d34564","name":"OEH Innsbruck","image":{"@type":"ImageObject","inLanguage":"en-GB","@id":"https:\/\/www.oehweb.at\/#\/schema\/person\/image\/","url":"https:\/\/secure.gravatar.com\/avatar\/bda643763d9c226f03befc6c02f867711d0de81b896dff2747848e543a1de895?s=96&d=mm&r=g","contentUrl":"https:\/\/secure.gravatar.com\/avatar\/bda643763d9c226f03befc6c02f867711d0de81b896dff2747848e543a1de895?s=96&d=mm&r=g","caption":"OEH Innsbruck"}}]}},"_links":{"self":[{"href":"https:\/\/www.oehweb.at\/en\/wp-json\/wp\/v2\/posts\/11011","targetHints":{"allow":["GET"]}}],"collection":[{"href":"https:\/\/www.oehweb.at\/en\/wp-json\/wp\/v2\/posts"}],"about":[{"href":"https:\/\/www.oehweb.at\/en\/wp-json\/wp\/v2\/types\/post"}],"author":[{"embeddable":true,"href":"https:\/\/www.oehweb.at\/en\/wp-json\/wp\/v2\/users\/5"}],"replies":[{"embeddable":true,"href":"https:\/\/www.oehweb.at\/en\/wp-json\/wp\/v2\/comments?post=11011"}],"version-history":[{"count":1,"href":"https:\/\/www.oehweb.at\/en\/wp-json\/wp\/v2\/posts\/11011\/revisions"}],"predecessor-version":[{"id":11012,"href":"https:\/\/www.oehweb.at\/en\/wp-json\/wp\/v2\/posts\/11011\/revisions\/11012"}],"wp:featuredmedia":[{"embeddable":true,"href":"https:\/\/www.oehweb.at\/en\/wp-json\/wp\/v2\/media\/11020"}],"wp:attachment":[{"href":"https:\/\/www.oehweb.at\/en\/wp-json\/wp\/v2\/media?parent=11011"}],"wp:term":[{"taxonomy":"category","embeddable":true,"href":"https:\/\/www.oehweb.at\/en\/wp-json\/wp\/v2\/categories?post=11011"},{"taxonomy":"post_tag","embeddable":true,"href":"https:\/\/www.oehweb.at\/en\/wp-json\/wp\/v2\/tags?post=11011"}],"curies":[{"name":"wp","href":"https:\/\/api.w.org\/{rel}","templated":true}]}}