{"id":11218,"date":"2026-03-02T10:20:04","date_gmt":"2026-03-02T09:20:04","guid":{"rendered":"https:\/\/www.oehweb.at\/?p=11218"},"modified":"2026-03-02T10:50:00","modified_gmt":"2026-03-02T09:50:00","slug":"newsletter-maerz-2026","status":"publish","type":"post","link":"https:\/\/www.oehweb.at\/en\/newsletter-maerz-2026\/","title":{"rendered":"Newsletter M\u00e4rz 2026"},"content":{"rendered":"<p>Dear students,<\/p>\n<p>Das neue Semester beginnt heute \u2013 und somit erwarten euch auch neben dem Studium wieder spannende Veranstaltungen, n\u00fctzliche Infos und tolle M\u00f6glichkeiten zum Mitmachen. Damit ihr bestens informiert seid, haben wir euch ein paar wichtige Termine und Angebote f\u00fcr M\u00e4rz zusammengestellt:<\/p>\n<p>1) \u00d6H Beitrag noch bis 31.03.26 einzahlen!<br \/>\n2) Mensabon ab 02.03.26 beantragen<br \/>\n3) Unsere Veranstaltungen im M\u00e4rz<br \/>\na) Kostenloser Tanzkurs inkl. Tanzparty am 05.03.26\u2013 Sei dabei!<br \/>\nb) Workshop am 09.03. von 14:00 -15:30 Uhr<br \/>\nc) International Get-Together: Brunch &amp; Austausch am 24.03.26<br \/>\n4) Werde Teil der UniPress &#8211; Kreativer Kopf gesucht!<br \/>\n5) Gestalte die Arthur-Haidl-Promenade mit!<br \/>\n6) Jetzt anmelden: Gr\u00fcndungsmesse Tirol 2026<br \/>\n7) Ausstellung 30 Jahre Tropenstation La Gamba in Costa Rica<br \/>\n8) Achtung vor synthetischen Cannabinoid!<br \/>\n9) Semesteropening am 18.03. &#8211; Vorverkaufsstart am 05.03.26<\/p>\n<p>Wir freuen uns auf euch!<\/p>\n<p><strong>Euer Vorsitzteam<\/strong><br \/>\n<strong>Julian Herb &#8211; Anna Schramm &#8211; Gabriela Crnov<\/strong><br \/>\n________________________________________<\/p>\n<h5><strong>1) \u00d6H Beitrag noch bis 31.03.26 einzahlen!<\/strong><\/h5>\n<p>Nicht vergessen: Der \u00d6H-Beitrag (25,20 \u20ac pro Semester inkl. Unfall- und Haftpflichtversicherung) muss bis sp\u00e4testens 31.03. eingezahlt werden. Wer den Beitrag nicht fristgerecht einzahlt, wird automatisch exmatrikuliert.<br \/>\nAlso friendly reminder: schnell \u00fcberweisen, Studium sichern und entspannt ins neue Semester starten!<\/p>\n<h5><strong>2) Mensabon ab 02.03.26 beantragen<\/strong><\/h5>\n<p>Ab heute k\u00f6nnt ihr euch den \u00d6H-Mensabon im Wert von 2 \u20ac wieder bei uns im \u00d6H-Sekretariat (Josef-Hirn Stra\u00dfe 7) beantragen!<br \/>\nMit dem Bon spart ihr euch jeden Tag 2 \u20ac beim Essen pro Tag \u2013 einl\u00f6sbar in der UniLounge, SowiLounge, UBIChat und der Mensa Technik.<\/p>\n<p>In Anspruch nehmen k\u00f6nnen den Bon alle Studierende, die<br \/>\n<em>&#8211; Studienbeihilfe, Baf\u00f6g, Selbsterhalterstipendium oder andere Studienunterst\u00fctzungen beziehen<\/em><br \/>\n<em>&#8211; oder Leistungen aus den Sozialt\u00f6pfen der Bundes-\u00d6H oder der \u00d6H an der Uni Innsbruck beziehen<\/em><br \/>\n<em>&#8211; oder unter 300\u20ac Budget f\u00fcr Verpflegung im Monat zur Verf\u00fcgung haben<\/em><\/p>\n<p>Zudem d\u00fcrfen nur Studierende den Bon beziehen, wenn sie <strong>kein Pluxee<\/strong> erhalten.<\/p>\n<p>Also nutzt die Chance und beantragt euren Mensabon, um euch ein g\u00fcnstigeres Essen am Campus zu g\u00f6nnen!<\/p>\n<h5><strong>3) Unsere Veranstaltungen im M\u00e4rz<\/strong><\/h5>\n<p><strong>a) Kostenloser Tanzkurs inkl. Tanzparty am 05.03.26\u2013 Sei dabei!<\/strong><\/p>\n<p>Du wolltest schon immer einmal Salsa ausprobieren oder deine Discofox-Skills auffrischen? Dann haben wir genau das Richtige f\u00fcr dich!<br \/>\nGemeinsam mit der Tanzschule Polai laden wir dich zu einem Tanzabend ein \u2013 mit kostenlosem Tanzkurs und anschlie\u00dfender Tanzparty!<\/p>\n<p>Wann? Donnerstag, 05.03.2026, ab 18:00 Uhr<br \/>\nWo? Studio West, Fischnalerstra\u00dfe 28<\/p>\n<p>Was erwartet dich?<br \/>\n&#8211; Ein lockerer Tanzkurs mit einfachen Schritten, die Spa\u00df machen<br \/>\n&#8211; T\u00e4nze wie Salsa, Cha-Cha, Discofox und Party-T\u00e4nze \u2013 je nach Interesse<br \/>\n&#8211; Zwei professionelle Tanzlehrer:innen vor Ort<br \/>\n&#8211; Tanzparty im Anschluss \u2013 \u00fcbe das Gelernte direkt auf der Fl\u00e4che<br \/>\n&#8211; DJ f\u00fcr die passende Musik<\/p>\n<p>Egal ob Anf\u00e4nger:in oder mit Vorkenntnissen \u2013 alle sind willkommen!<br \/>\nAnmeldung: <a href=\"https:\/\/forms.gle\/JGDuj7PbRxiUeLPT8\">https:\/\/forms.gle\/JGDuj7PbRxiUeLPT8<\/a><\/p>\n<p>Wir freuen uns auf euch!<br \/>\nEuer Referat f\u00fcr Sport und Gesundheit<\/p>\n<p><strong>b) Vortrag am 09.03. von 14:00-15:30 Uhr<\/strong><\/p>\n<p>Am 9.3. organisieren wir einen Vortrag mit dem Frauenhaus Tirol.<br \/>\nIm Fokus stehen gesellschaftliche Hintergr\u00fcnde von Gewalt, die Entstehung von Opferschutzeinrichtungen, die Angebotsstruktur des Frauenhauses, das Erkennen von \u201eRed Flags\u201c sowie Gewaltdynamiken und konkrete Unterst\u00fctzungsm\u00f6glichkeiten im Alltag.<\/p>\n<p>Anmeldung \u00fcber Mail an <a href=\"mailto:frauenreferat-oeh@uibk.ac.at\">frauenreferat-oeh@uibk.ac.at<\/a><br \/>\nDer Workshop findet im SR13, Innrain 52a statt<\/p>\n<p>Wir freuen uns auf euch!<br \/>\nEuer Referat f\u00fcr Frauen, Gleichbehandlung und Queer<\/p>\n<p><strong>c) International Get-Together: Brunch &amp; Austausch am 24.03.26<\/strong><\/p>\n<p>Zum Start des neuen Semesters l\u00e4dt euch das Referat f\u00fcr ausl\u00e4ndische Studierende herzlich zu unserem International Get-Together: Brunch &amp; Austausch ein!In entspannter Atmosph\u00e4re m\u00f6chten wir gemeinsam ins Semester starten, neue Leute kennenlernen, Erfahrungen teilen und einfach miteinander ins Gespr\u00e4ch kommen. Das Treffen richtet sich besonders an internationale Studierende, die sich vernetzen und austauschen m\u00f6chten.<\/p>\n<p>Hard Facts:<br \/>\n&#8211; Ort: SOFA-Raum, Josef-Hirn-Stra\u00dfe 7, 1. Stock, 6020 Innsbruck<br \/>\n&#8211; Datum: 24.03.2026<br \/>\n&#8211; Uhrzeit: 10:00\u201312:00 Uhr<\/p>\n<p>Anmeldung: <a href=\"https:\/\/forms.gle\/sNH5j7Q5vUrwY8Mi7\">https:\/\/forms.gle\/sNH5j7Q5vUrwY8Mi7<\/a><\/p>\n<p>Wir freuen uns auf euch!<br \/>\nEuer Referat f\u00fcr ausl\u00e4ndische Studierende<\/p>\n<h5><strong>4) Werde Teil der Unipress &#8211; Kreativer Kopf gesucht!<\/strong><\/h5>\n<p>Das \u00d6H\u2011Magazin UNIpress sucht f\u00fcr die einmal im Semester erscheinende Printausgabe Verst\u00e4rkung im Bereich Layout &amp; Anzeigenmanagement. Wenn du gutes Design liebst, ein Auge f\u00fcr Details hast und Lust auf echte Magazinpraxis mit kreativem Spielraum mitbringst, bist du hier genau richtig.<br \/>\nDich erwarten flexible Arbeitszeiten, ein motiviertes Team, spannende Gestaltungsm\u00f6glichkeiten und Bezahlung auf Stundenbasis (\u20ac15 \/ Stunde).<\/p>\n<p>Alle Infos zur Probeaufgabe und zur Bewerbung findest du hier:<\/p>\n<blockquote class=\"wp-embedded-content\" data-secret=\"daY6coBKmy\"><p><a href=\"https:\/\/www.oehweb.at\/en\/stellenausschreibung-layout-anzeigenmanagement-fuer-das-oeh-magazin-unipress-m-w-d\/\">Stellenausschreibung: Layout &#038; Anzeigenmanagement f\u00fcr das \u00d6H-Magazin UNIpress (m\/w\/d)<\/a><\/p><\/blockquote>\n<p><iframe loading=\"lazy\" class=\"wp-embedded-content\" sandbox=\"allow-scripts\" security=\"restricted\" style=\"position: absolute; clip: rect(1px, 1px, 1px, 1px);\" title=\"&#8222;Stellenausschreibung: Layout &#038; Anzeigenmanagement f\u00fcr das \u00d6H-Magazin UNIpress (m\/w\/d)&#8220; &#8211; \u00d6H Innsbruck\" src=\"https:\/\/www.oehweb.at\/stellenausschreibung-layout-anzeigenmanagement-fuer-das-oeh-magazin-unipress-m-w-d\/embed\/#?secret=R2vxYnfEim#?secret=daY6coBKmy\" data-secret=\"daY6coBKmy\" width=\"600\" height=\"338\" frameborder=\"0\" marginwidth=\"0\" marginheight=\"0\" scrolling=\"no\"><\/iframe><\/p>\n<p>Euer UniPress-Team<\/p>\n<h5><strong>5) Gestalte die Arthur-Haidl-Promenade mit!<\/strong><\/h5>\n<p>Die Stadt Innsbruck plant f\u00fcr 2026 die Neugestaltung der Arthur-Haidl-Promenade (beim Spielplatz Petrus-Canisius-Kirche). Da dort auch eine neue Boulderhalle entsteht, soll das gesamte Areal aufgewertet werden \u2013 und ihr d\u00fcrft entscheiden, wie!<br \/>\nDas Wichtigste auf einen Blick:<br \/>\n\u25cf Was: Online-Beteiligung zu W\u00fcnschen &amp; Ideen f\u00fcr den Park.<br \/>\n\u25cf Deadline: Mitmachen ist noch bis zum 13. M\u00e4rz 2026 m\u00f6glich.<br \/>\n\u25cf Highlight: Pr\u00e4sentation des Entwurfs am 26. M\u00e4rz um 17:00 Uhr vor Ort.<br \/>\nHier geht&#8217;s zur Umfrage:<br \/>\n&#8211; <a href=\"https:\/\/mitgestalten.innsbruck.gv.at\/de-DE\/\">mitgestalten.innsbruck.gv.at<\/a><\/p>\n<h5><strong>6) Ausstellung 30 Jahre Tropenstation La Gamba in Costa Rica<\/strong><\/h5>\n<p>Ausstellung &#8211; hard facts:<br \/>\n&#8211; 05. M\u00e4rz \u2012 16. April | \u00d6ffnungszeiten t\u00e4glich 13:00\u201215:30 Uhr<br \/>\n&#8211; Er\u00f6ffnung 05. M\u00e4rz, 17 Uhr<br \/>\n&#8211; Botanischer Garten Innsbruck<br \/>\n&#8211; Eintritt frei<\/p>\n<p>Die Tropenstation La Gamba ist eine Forschungsstation der Universit\u00e4t Wien in der pazifischen Region Costa Ricas. Zahlreiche Forschende und Studierende arbeiten Jahr f\u00fcr Jahr in der Tropenstation und kehren mit neuen Erkenntnissen und beeindruckenden Bildern zur\u00fcck. Die Foto-Ausstellung pr\u00e4sentiert auf 30 Tafeln Natur und Forschung in den artenreichen Regenw\u00e4ldern und den angrenzenden Kulturfl\u00e4chen.<\/p>\n<h5><strong>7) Jetzt anmelden: Gr\u00fcndungsmesse Tirol 2026<\/strong><\/h5>\n<p>HOL DIR DAS KNOW-HOW F\u00dcR DEINEN ERFOLG!<br \/>\nDu hast dich entschieden selbstst\u00e4ndig zu werden und m\u00f6chtest dich bestm\u00f6glich informieren und vorbereiten? Dann bist du bei uns genau richtig.<\/p>\n<p>Zahlreiche Branchenexpert:innen triffst du beim WKT Meet &amp; Greet und unsere Spezialist:innen an den Infost\u00e4nden stehen f\u00fcr deine Fragen bereit. Zudem gibt&#8217;s jede Menge praxisnahe Workshops und Vortr\u00e4ge. Nutze auch die Chance zum Netzwerken mit unseren Partner:innen und Startups!<\/p>\n<p>Termin: Freitag, 13. M\u00e4rz 2026, 11 \u2013 18 Uhr, Wirtschaftskammer Tirol, Innsbruck &amp; online<br \/>\nDetails und Anmeldung unter <a href=\"https:\/\/www.wko.at\/tirol\/gruenden\/gruendungsmesse-tirol\">www.gruendungsmesse.tirol<\/a><br \/>\n&#8211; Bildnachweis: \u00a9 (JLco) Julia Amaral | stock.adobe.com<\/p>\n<h5><strong>8) Achtung vor synthetischen Cannabinoid!<\/strong><\/h5>\n<p>Aktuelle Analysen des Drug Checking Service der Drogenarbeit Z6 haben ergeben, dass in Innsbruck als Cannabis verkaufte Proben das synthetische Cannabinoid MDMB-4en-PINACA enthalten.<br \/>\nWas ihr wissen solltet:<br \/>\n&#8211; Extreme Potenz: Synthetische Cannabinoide wirken oft um ein Vielfaches st\u00e4rker als THC. Der Wirkungseintritt erfolgt meist sehr schnell und extrem intensiv.<br \/>\n&#8211; Hohes Gesundheitsrisiko: Der Konsum kann zu schweren Vergiftungen, Ohnmacht, Herzrasen, Krampfanf\u00e4llen sowie heftigen Angst- und Panikattacken f\u00fchren.<br \/>\n&#8211; Lebensgefahr: Im Zusammenhang mit MDMB-4en-PINACA wurden bereits Todesf\u00e4lle berichtet.<br \/>\nWir raten klar von einem generellen Konsum ab und bitten um erh\u00f6hte Vorsicht!<\/p>\n<h5><strong>9) Semesteropening am 18.03. &#8211; Vorverkaufsstart am 05.03.26<\/strong><\/h5>\n<p>Die Semesteropening Tickets f\u00fcr Studierende der Uni Innsbruck sind ab 05.03. 10:00 Uhr erh\u00e4ltlich an folgenden Campus Verkaufsstellen:<\/p>\n<p><strong>&#8211; FV SOWI<\/strong><br \/>\n<strong>&#8211; FV JUS<\/strong><br \/>\n<strong>&#8211; \u2060CCB \/ B\u00fcro Stv Pharmazie<\/strong><br \/>\n<strong>&#8211; FV Natwi Technik<\/strong><\/p>\n<p>F\u00fcr den Kauf ist eine Studienbest\u00e4tigung oder ein Studierendenausweis notwendig.<\/p>\n<p>Wir freuen uns auf einen unvergesslichen Abend mit euch!<\/p>\n<h4><strong><em>English Version<\/em><\/strong><\/h4>\n<p>Dear Students,<br \/>\nThe new semester begins today \u2013 and alongside your studies, exciting events, useful info, and great opportunities to get involved await you. To keep you well-informed, we have put together a few important dates and offers for March:<\/p>\n<p>1.) Pay your \u00d6H fee by March 31, 2026!<br \/>\n2.) Apply for the Mensa voucher starting March 2, 2026<br \/>\n3.) Our events in March:<br \/>\na.) Free dance course incl. dance party on March 5, 2026 \u2013 Join us!<br \/>\nb.) Lecture on March 9 from 2:00 PM &#8211; 3:30 PM<br \/>\nc.) International Get-Together: Brunch &amp; Exchange on March 24, 2026<br \/>\n4.) Become part of UNIpress \u2013 Creative minds wanted!<br \/>\n5.) Help shape the Arthur-Haidl-Promenade!<br \/>\n6.) Register now: Tyrol Start-up Fair 2026<br \/>\n7.) Exhibition: 30 Years of the La Gamba Tropical Station in Costa Rica<br \/>\n8.) Warning: Synthetic Cannabinoids!<br \/>\n9.) Semester Opening on March 18 \u2013 Pre-sale starts March 5, 2026<\/p>\n<p>We look forward to seeing you!<br \/>\n<strong>Your Executive Team<\/strong><br \/>\n<strong>Julian Herb &#8211; Anna Schramm &#8211; Gabriela Crnov<\/strong><br \/>\n________________________________________<\/p>\n<h5><strong>1.) Pay your \u00d6H fee by March 31, 2026!<\/strong><\/h5>\n<p>Don&#8217;t forget: The \u00d6H fee (\u20ac 25.20 per semester, including accident and liability insurance) must be paid by March 31 at the latest. Anyone who does not pay the fee on time will be automatically exmatriculated. So, a friendly reminder: transfer the money quickly, secure your studies, and start the new semester relaxed!<\/p>\n<h5><strong>2.) Apply for the Mensa voucher starting March 2, 2026<\/strong><\/h5>\n<p>Starting today, you can apply for the \u00d6H Mensa voucher worth \u20ac2 at our \u00d6H office (Josef-Hirn Stra\u00dfe 7)! With the voucher, you save \u20ac2 every day on one meal \u2013 redeemable at UniLounge, SowiLounge, UBIChat, and the Mensa Technik.<br \/>\nEligible students include those who:<br \/>\n&#8211; Receive student grants (Studienbeihilfe), BAf\u00f6G, self-instruction scholarships, or other study support.<br \/>\n&#8211; or receive benefits from the social funds of the Federal \u00d6H or the \u00d6H at the University of Innsbruck.<br \/>\n&#8211; or have a monthly budget for food of less than \u20ac300.<br \/>\nNote: Students can only receive the voucher if they do not receive Pluxee.<br \/>\nTake the chance and apply for your Mensa voucher to enjoy a cheaper meal on campus!<\/p>\n<h5><strong>3.) Our Events in March<\/strong><\/h5>\n<p><strong>a.) Free dance class including dance party \u2013 join us!<\/strong><br \/>\nHave you always wanted to try salsa or freshen up your disco fox skills? Then we have just the right thing for you!<br \/>\nTogether with the Polai dance company, we invite you to a dance evening \u2013 with a free dance class followed by a dance party!<br \/>\nWhen? Thursday, March 5, 2026, starting at 6:00 p.m.<br \/>\nWhere? Studio West, Fischnalerstra\u00dfe 28<br \/>\nWhat can you expect?<br \/>\n&#8211; A fun dance class with basic steps that are easy to learn<br \/>\n&#8211; Dances like salsa, cha-cha, disco fox, and party dances \u2013 according to your preference<br \/>\n&#8211; Two professional dance instructors on site<br \/>\n&#8211; Dance party afterwards \u2013 practice what you&#8217;ve learned right on the dance floor<br \/>\n&#8211; DJ for the right music<br \/>\nWhether you&#8217;re a beginner or have previous experience \u2013 everyone is welcome!<br \/>\nSign up: <a href=\"https:\/\/forms.gle\/JGDuj7PbRxiUeLPT8\">https:\/\/forms.gle\/JGDuj7PbRxiUeLPT8<\/a><\/p>\n<p>We\u2019re looking forward to seeing you!<br \/>\nYour department for sport and health<\/p>\n<p><strong>b.) Lecture on March 9 from 2:00 PM &#8211; 3:30 PM<\/strong><br \/>\nOn March 9, we are organizing a lecture in cooperation with the Women\u2019s Shelter Tyrol.<br \/>\nThe focus will be on the societal background of violence, the development of victim protection institutions, the service structure of the women\u2019s shelter, recognizing \u201cred flags,\u201d as well as dynamics of violence and concrete ways to provide support in everyday life.<br \/>\n\u25cf Registration per Email <a href=\"mailto:frauenreferat-oeh@uibk.ac.at\">frauenreferat-oeh@uibk.ac.at<\/a><br \/>\n\u25cf Location: SR13, Innrain 52a<br \/>\nWe\u2019re looking forward to seeing you!<br \/>\nYour department for women, gender equality and queer affairs<\/p>\n<p><strong>c.) International Get-Together: Brunch &amp; Exchange on March 24<\/strong><br \/>\nTo kick off the new semester, the Office for International Students warmly invites you to our International Get-Together: Brunch &amp; Exchange! In a relaxed and welcoming atmosphere, we would like to start the semester together, meet new people, share experiences, and simply connect. This event is especially aimed at international students who would like to build connections and exchange ideas.<br \/>\nHard Facts:<br \/>\n&#8211; Location: SOFA Room, Josef-Hirn-Stra\u00dfe 7, 1st floor, 6020 Innsbruck<br \/>\n&#8211; Date: 24 March 2026<br \/>\n&#8211; Time: 10:00\u201312:00<br \/>\nRegistration: <a href=\"https:\/\/forms.gle\/sNH5j7Q5vUrwY8Mi7\">https:\/\/forms.gle\/sNH5j7Q5vUrwY8Mi7<\/a><\/p>\n<p>We\u2019re looking forward to seeing you!<br \/>\nYour department for international students<\/p>\n<h5><strong>4.) Become part of UNIpress \u2013 Creative minds wanted!<\/strong><\/h5>\n<p>The \u00d6H magazine UNIpress is looking for support in Layout &amp; Ad Management for its print edition, which is published once a semester. If you love good design, have an eye for detail, and are looking for real-world magazine experience with creative freedom, this is the perfect fit for you!<\/p>\n<p>You can expect flexible working hours, a motivated team, exciting design opportunities, and hourly pay (\u20ac15 \/ hour).<\/p>\n<p>All information regarding the trial task and the application process can be found here:<\/p>\n<blockquote class=\"wp-embedded-content\" data-secret=\"daY6coBKmy\"><p><a href=\"https:\/\/www.oehweb.at\/en\/stellenausschreibung-layout-anzeigenmanagement-fuer-das-oeh-magazin-unipress-m-w-d\/\">Stellenausschreibung: Layout &#038; Anzeigenmanagement f\u00fcr das \u00d6H-Magazin UNIpress (m\/w\/d)<\/a><\/p><\/blockquote>\n<p><iframe loading=\"lazy\" class=\"wp-embedded-content\" sandbox=\"allow-scripts\" security=\"restricted\" style=\"position: absolute; clip: rect(1px, 1px, 1px, 1px);\" title=\"&#8222;Stellenausschreibung: Layout &#038; Anzeigenmanagement f\u00fcr das \u00d6H-Magazin UNIpress (m\/w\/d)&#8220; &#8211; \u00d6H Innsbruck\" src=\"https:\/\/www.oehweb.at\/stellenausschreibung-layout-anzeigenmanagement-fuer-das-oeh-magazin-unipress-m-w-d\/embed\/#?secret=R2vxYnfEim#?secret=daY6coBKmy\" data-secret=\"daY6coBKmy\" width=\"600\" height=\"338\" frameborder=\"0\" marginwidth=\"0\" marginheight=\"0\" scrolling=\"no\"><\/iframe><\/p>\n<h5><strong>5.) Help shape the Arthur-Haidl-Promenade!<\/strong><\/h5>\n<p>The City of Innsbruck is planning to redesign the Arthur-Haidl-Promenade (near the Petrus-Canisius-Kirche playground) in 2026. Since a new bouldering hall is also being built there, the entire area is to be upgraded \u2013 and you get to decide how!<\/p>\n<p>The most important facts at a glance:<br \/>\n&#8211; What: Online participation for your wishes &amp; ideas for the park.<br \/>\n&#8211; Deadline: You can participate until March 13, 2026.<br \/>\n&#8211; Highlight: Presentation of the design on March 26 at 5:00 PM on-site.<\/p>\n<p>Click here for the survey:<br \/>\n<a href=\"https:\/\/mitgestalten.innsbruck.gv.at\/de-DE\/\">mitgestalten.innsbruck.gv.at<\/a><\/p>\n<h5><strong>6.) Exhibition: 30 Years of the La Gamba Tropical Station<\/strong><\/h5>\n<p>Exhibition \u2013 Hard Facts:<br \/>\n&#8211; March 5 \u2013 April 16 | Open daily from 1:00 PM \u2013 3:30 PM<br \/>\n&#8211; Opening: March 5, 5:00 PM<br \/>\n&#8211; Location: Innsbruck Botanical Garden<br \/>\n&#8211; Admission: Free<\/p>\n<p>The La Gamba Tropical Station is a research facility of the University of Vienna located in the Pacific region of Costa Rica. Year after year, numerous researchers and students work at the station, returning with new insights and impressive photographs. This photo exhibition features 30 panels showcasing nature and research in the biodiversity-rich rainforests and adjacent cultivated areas.<\/p>\n<h5><strong>7.) Register now: Tyrol Start-up Fair 2026<\/strong><\/h5>\n<p>GET THE KNOW-HOW YOU NEED FOR SUCCESS!<br \/>\nHave you decided to become self-employed and want to be as well informed and prepared as possible? Then you&#8217;ve come to the right place. You can meet numerous industry experts at the WKT Meet &amp; Greet, and our specialists at the information stands are ready to answer your questions. There are also plenty of practical workshops and lectures. Take advantage of the opportunity to network with our partners and start-ups!<\/p>\n<p>Date: Friday, 13 March 2026, 11 a.m. \u2013 6 p.m., Wirtschaftskammer Tirol, Innsbruck &amp; online Details and registration at <a href=\"https:\/\/www.wko.at\/tirol\/gruenden\/gruendungsmesse-tirol\">www.gruendungsmesse.tirol<\/a><br \/>\n&#8211; Image credits: \u00a9 (JLco) Julia Amaral | stock.adobe.com<\/p>\n<h5><strong>8.) Warning: Synthetic Cannabinoids!<\/strong><\/h5>\n<p>Current analyses by the Drug Checking Service (Drogenarbeit Z6) have shown that samples sold as cannabis in Innsbruck contain the synthetic cannabinoid MDMB-4en-PINACA.<br \/>\n\u25cf Extreme Potency: These substances are often many times stronger than THC. The onset of effects is usually very fast and intense.<br \/>\n\u25cf High Health Risk: Consumption can lead to severe poisoning, fainting, rapid heartbeat, seizures, and acute psychosis.<br \/>\n\u25cf Danger to Life: Fatalities associated with MDMB-4en-PINACA have already been reported.<br \/>\nDue to the high risk, we strongly advise against every consumption!<\/p>\n<h5><strong>9.) Semester Opening on March 18 \u2013 Pre-sale starts March 5<\/strong><\/h5>\n<p>Tickets for University of Innsbruck students are available from March 5, 10:00 AM at:<br \/>\n<strong>\u25cf FV SOWI<\/strong><br \/>\n<strong>\u25cf FV JUS<\/strong><br \/>\n<strong>\u25cf CCB (StV Pharmacy Office)<\/strong><br \/>\n<strong>\u25cf FV Natwi Technik<\/strong><br \/>\nRequirement: Student ID or proof of enrollment.<\/p>\n<p>We look forward to an unforgettable night with you!<\/p>","protected":false},"excerpt":{"rendered":"<p>Liebe Studierende, Das neue Semester beginnt heute \u2013 und somit erwarten euch auch neben dem Studium wieder spannende Veranstaltungen, n\u00fctzliche Infos und tolle M\u00f6glichkeiten zum Mitmachen. Damit ihr bestens informiert seid, haben wir euch ein paar wichtige Termine und Angebote f\u00fcr M\u00e4rz zusammengestellt: 1) \u00d6H Beitrag noch bis 31.03.26 einzahlen! 2) Mensabon ab 02.03.26 beantragen [&hellip;]<\/p>\n","protected":false},"author":5,"featured_media":1609,"comment_status":"closed","ping_status":"closed","sticky":false,"template":"","format":"standard","meta":{"inline_featured_image":false,"footnotes":""},"categories":[1],"tags":[],"class_list":["post-11218","post","type-post","status-publish","format-standard","has-post-thumbnail","hentry","category-allgemein"],"yoast_head":"<!-- This site is optimized with the Yoast SEO plugin v21.8.1 - https:\/\/yoast.com\/wordpress\/plugins\/seo\/ -->\n<title>Newsletter M\u00e4rz 2026 - \u00d6H Innsbruck<\/title>\n<meta name=\"robots\" content=\"index, follow, max-snippet:-1, max-image-preview:large, max-video-preview:-1\" \/>\n<link rel=\"canonical\" href=\"https:\/\/www.oehweb.at\/en\/newsletter-maerz-2026\/\" \/>\n<meta property=\"og:locale\" content=\"en_GB\" \/>\n<meta property=\"og:type\" content=\"article\" \/>\n<meta property=\"og:title\" content=\"Newsletter M\u00e4rz 2026 - \u00d6H Innsbruck\" \/>\n<meta property=\"og:description\" content=\"Liebe Studierende, Das neue Semester beginnt heute \u2013 und somit erwarten euch auch neben dem Studium wieder spannende Veranstaltungen, n\u00fctzliche Infos und tolle M\u00f6glichkeiten zum Mitmachen. Damit ihr bestens informiert seid, haben wir euch ein paar wichtige Termine und Angebote f\u00fcr M\u00e4rz zusammengestellt: 1) \u00d6H Beitrag noch bis 31.03.26 einzahlen! 2) Mensabon ab 02.03.26 beantragen [&hellip;]\" \/>\n<meta property=\"og:url\" content=\"https:\/\/www.oehweb.at\/en\/newsletter-maerz-2026\/\" \/>\n<meta property=\"og:site_name\" content=\"\u00d6H Innsbruck\" \/>\n<meta property=\"article:published_time\" content=\"2026-03-02T09:20:04+00:00\" \/>\n<meta property=\"article:modified_time\" content=\"2026-03-02T09:50:00+00:00\" \/>\n<meta property=\"og:image\" content=\"https:\/\/www.oehweb.at\/wp-content\/uploads\/2021\/03\/Newsletter-1.jpg\" \/>\n\t<meta property=\"og:image:width\" content=\"1280\" \/>\n\t<meta property=\"og:image:height\" content=\"960\" \/>\n\t<meta property=\"og:image:type\" content=\"image\/jpeg\" \/>\n<meta name=\"author\" content=\"OEH Innsbruck\" \/>\n<meta name=\"twitter:card\" content=\"summary_large_image\" \/>\n<meta name=\"twitter:label1\" content=\"Written by\" \/>\n\t<meta name=\"twitter:data1\" content=\"OEH Innsbruck\" \/>\n\t<meta name=\"twitter:label2\" content=\"Estimated reading time\" \/>\n\t<meta name=\"twitter:data2\" content=\"13 minutes\" \/>\n<script type=\"application\/ld+json\" class=\"yoast-schema-graph\">{\"@context\":\"https:\/\/schema.org\",\"@graph\":[{\"@type\":\"Article\",\"@id\":\"https:\/\/www.oehweb.at\/newsletter-maerz-2026\/#article\",\"isPartOf\":{\"@id\":\"https:\/\/www.oehweb.at\/newsletter-maerz-2026\/\"},\"author\":{\"name\":\"OEH Innsbruck\",\"@id\":\"https:\/\/www.oehweb.at\/#\/schema\/person\/70c69413dd3501c0c40fbc1430d34564\"},\"headline\":\"Newsletter M\u00e4rz 2026\",\"datePublished\":\"2026-03-02T09:20:04+00:00\",\"dateModified\":\"2026-03-02T09:50:00+00:00\",\"mainEntityOfPage\":{\"@id\":\"https:\/\/www.oehweb.at\/newsletter-maerz-2026\/\"},\"wordCount\":2335,\"publisher\":{\"@id\":\"https:\/\/www.oehweb.at\/#organization\"},\"articleSection\":[\"Allgemein\"],\"inLanguage\":\"en-GB\"},{\"@type\":\"WebPage\",\"@id\":\"https:\/\/www.oehweb.at\/newsletter-maerz-2026\/\",\"url\":\"https:\/\/www.oehweb.at\/newsletter-maerz-2026\/\",\"name\":\"Newsletter M\u00e4rz 2026 - \u00d6H Innsbruck\",\"isPartOf\":{\"@id\":\"https:\/\/www.oehweb.at\/#website\"},\"datePublished\":\"2026-03-02T09:20:04+00:00\",\"dateModified\":\"2026-03-02T09:50:00+00:00\",\"breadcrumb\":{\"@id\":\"https:\/\/www.oehweb.at\/newsletter-maerz-2026\/#breadcrumb\"},\"inLanguage\":\"en-GB\",\"potentialAction\":[{\"@type\":\"ReadAction\",\"target\":[\"https:\/\/www.oehweb.at\/newsletter-maerz-2026\/\"]}]},{\"@type\":\"BreadcrumbList\",\"@id\":\"https:\/\/www.oehweb.at\/newsletter-maerz-2026\/#breadcrumb\",\"itemListElement\":[{\"@type\":\"ListItem\",\"position\":1,\"name\":\"Home\",\"item\":\"https:\/\/www.oehweb.at\/\"},{\"@type\":\"ListItem\",\"position\":2,\"name\":\"Newsletter M\u00e4rz 2026\"}]},{\"@type\":\"WebSite\",\"@id\":\"https:\/\/www.oehweb.at\/#website\",\"url\":\"https:\/\/www.oehweb.at\/\",\"name\":\"\u00d6H Innsbruck\",\"description\":\"Wir sind die \u00d6sterreichische Hochsch\u00fclerInnenschaft an der Universit\u00e4t Innsbruck\",\"publisher\":{\"@id\":\"https:\/\/www.oehweb.at\/#organization\"},\"potentialAction\":[{\"@type\":\"SearchAction\",\"target\":{\"@type\":\"EntryPoint\",\"urlTemplate\":\"https:\/\/www.oehweb.at\/?s={search_term_string}\"},\"query-input\":\"required name=search_term_string\"}],\"inLanguage\":\"en-GB\"},{\"@type\":\"Organization\",\"@id\":\"https:\/\/www.oehweb.at\/#organization\",\"name\":\"\u00d6H Innsrbruck\",\"url\":\"https:\/\/www.oehweb.at\/\",\"logo\":{\"@type\":\"ImageObject\",\"inLanguage\":\"en-GB\",\"@id\":\"https:\/\/www.oehweb.at\/#\/schema\/logo\/image\/\",\"url\":\"https:\/\/www.oehweb.at\/wp-content\/uploads\/2020\/11\/OEH-Innsbruck-Logo.svg\",\"contentUrl\":\"https:\/\/www.oehweb.at\/wp-content\/uploads\/2020\/11\/OEH-Innsbruck-Logo.svg\",\"width\":448,\"height\":255,\"caption\":\"\u00d6H Innsrbruck\"},\"image\":{\"@id\":\"https:\/\/www.oehweb.at\/#\/schema\/logo\/image\/\"}},{\"@type\":\"Person\",\"@id\":\"https:\/\/www.oehweb.at\/#\/schema\/person\/70c69413dd3501c0c40fbc1430d34564\",\"name\":\"OEH Innsbruck\",\"image\":{\"@type\":\"ImageObject\",\"inLanguage\":\"en-GB\",\"@id\":\"https:\/\/www.oehweb.at\/#\/schema\/person\/image\/\",\"url\":\"https:\/\/secure.gravatar.com\/avatar\/bda643763d9c226f03befc6c02f867711d0de81b896dff2747848e543a1de895?s=96&d=mm&r=g\",\"contentUrl\":\"https:\/\/secure.gravatar.com\/avatar\/bda643763d9c226f03befc6c02f867711d0de81b896dff2747848e543a1de895?s=96&d=mm&r=g\",\"caption\":\"OEH Innsbruck\"}}]}<\/script>\n<!-- \/ Yoast SEO plugin. -->","yoast_head_json":{"title":"Newsletter M\u00e4rz 2026 - \u00d6H Innsbruck","robots":{"index":"index","follow":"follow","max-snippet":"max-snippet:-1","max-image-preview":"max-image-preview:large","max-video-preview":"max-video-preview:-1"},"canonical":"https:\/\/www.oehweb.at\/en\/newsletter-maerz-2026\/","og_locale":"en_GB","og_type":"article","og_title":"Newsletter M\u00e4rz 2026 - \u00d6H Innsbruck","og_description":"Liebe Studierende, Das neue Semester beginnt heute \u2013 und somit erwarten euch auch neben dem Studium wieder spannende Veranstaltungen, n\u00fctzliche Infos und tolle M\u00f6glichkeiten zum Mitmachen. Damit ihr bestens informiert seid, haben wir euch ein paar wichtige Termine und Angebote f\u00fcr M\u00e4rz zusammengestellt: 1) \u00d6H Beitrag noch bis 31.03.26 einzahlen! 2) Mensabon ab 02.03.26 beantragen [&hellip;]","og_url":"https:\/\/www.oehweb.at\/en\/newsletter-maerz-2026\/","og_site_name":"\u00d6H Innsbruck","article_published_time":"2026-03-02T09:20:04+00:00","article_modified_time":"2026-03-02T09:50:00+00:00","og_image":[{"width":1280,"height":960,"url":"https:\/\/www.oehweb.at\/wp-content\/uploads\/2021\/03\/Newsletter-1.jpg","type":"image\/jpeg"}],"author":"OEH Innsbruck","twitter_card":"summary_large_image","twitter_misc":{"Written by":"OEH Innsbruck","Estimated reading time":"13 minutes"},"schema":{"@context":"https:\/\/schema.org","@graph":[{"@type":"Article","@id":"https:\/\/www.oehweb.at\/newsletter-maerz-2026\/#article","isPartOf":{"@id":"https:\/\/www.oehweb.at\/newsletter-maerz-2026\/"},"author":{"name":"OEH Innsbruck","@id":"https:\/\/www.oehweb.at\/#\/schema\/person\/70c69413dd3501c0c40fbc1430d34564"},"headline":"Newsletter M\u00e4rz 2026","datePublished":"2026-03-02T09:20:04+00:00","dateModified":"2026-03-02T09:50:00+00:00","mainEntityOfPage":{"@id":"https:\/\/www.oehweb.at\/newsletter-maerz-2026\/"},"wordCount":2335,"publisher":{"@id":"https:\/\/www.oehweb.at\/#organization"},"articleSection":["Allgemein"],"inLanguage":"en-GB"},{"@type":"WebPage","@id":"https:\/\/www.oehweb.at\/newsletter-maerz-2026\/","url":"https:\/\/www.oehweb.at\/newsletter-maerz-2026\/","name":"Newsletter M\u00e4rz 2026 - \u00d6H Innsbruck","isPartOf":{"@id":"https:\/\/www.oehweb.at\/#website"},"datePublished":"2026-03-02T09:20:04+00:00","dateModified":"2026-03-02T09:50:00+00:00","breadcrumb":{"@id":"https:\/\/www.oehweb.at\/newsletter-maerz-2026\/#breadcrumb"},"inLanguage":"en-GB","potentialAction":[{"@type":"ReadAction","target":["https:\/\/www.oehweb.at\/newsletter-maerz-2026\/"]}]},{"@type":"BreadcrumbList","@id":"https:\/\/www.oehweb.at\/newsletter-maerz-2026\/#breadcrumb","itemListElement":[{"@type":"ListItem","position":1,"name":"Home","item":"https:\/\/www.oehweb.at\/"},{"@type":"ListItem","position":2,"name":"Newsletter M\u00e4rz 2026"}]},{"@type":"WebSite","@id":"https:\/\/www.oehweb.at\/#website","url":"https:\/\/www.oehweb.at\/","name":"\u00d6H Innsbruck","description":"Wir sind die \u00d6sterreichische Hochsch\u00fclerInnenschaft an der Universit\u00e4t Innsbruck","publisher":{"@id":"https:\/\/www.oehweb.at\/#organization"},"potentialAction":[{"@type":"SearchAction","target":{"@type":"EntryPoint","urlTemplate":"https:\/\/www.oehweb.at\/?s={search_term_string}"},"query-input":"required name=search_term_string"}],"inLanguage":"en-GB"},{"@type":"Organization","@id":"https:\/\/www.oehweb.at\/#organization","name":"\u00d6H Innsrbruck","url":"https:\/\/www.oehweb.at\/","logo":{"@type":"ImageObject","inLanguage":"en-GB","@id":"https:\/\/www.oehweb.at\/#\/schema\/logo\/image\/","url":"https:\/\/www.oehweb.at\/wp-content\/uploads\/2020\/11\/OEH-Innsbruck-Logo.svg","contentUrl":"https:\/\/www.oehweb.at\/wp-content\/uploads\/2020\/11\/OEH-Innsbruck-Logo.svg","width":448,"height":255,"caption":"\u00d6H Innsrbruck"},"image":{"@id":"https:\/\/www.oehweb.at\/#\/schema\/logo\/image\/"}},{"@type":"Person","@id":"https:\/\/www.oehweb.at\/#\/schema\/person\/70c69413dd3501c0c40fbc1430d34564","name":"OEH Innsbruck","image":{"@type":"ImageObject","inLanguage":"en-GB","@id":"https:\/\/www.oehweb.at\/#\/schema\/person\/image\/","url":"https:\/\/secure.gravatar.com\/avatar\/bda643763d9c226f03befc6c02f867711d0de81b896dff2747848e543a1de895?s=96&d=mm&r=g","contentUrl":"https:\/\/secure.gravatar.com\/avatar\/bda643763d9c226f03befc6c02f867711d0de81b896dff2747848e543a1de895?s=96&d=mm&r=g","caption":"OEH Innsbruck"}}]}},"_links":{"self":[{"href":"https:\/\/www.oehweb.at\/en\/wp-json\/wp\/v2\/posts\/11218","targetHints":{"allow":["GET"]}}],"collection":[{"href":"https:\/\/www.oehweb.at\/en\/wp-json\/wp\/v2\/posts"}],"about":[{"href":"https:\/\/www.oehweb.at\/en\/wp-json\/wp\/v2\/types\/post"}],"author":[{"embeddable":true,"href":"https:\/\/www.oehweb.at\/en\/wp-json\/wp\/v2\/users\/5"}],"replies":[{"embeddable":true,"href":"https:\/\/www.oehweb.at\/en\/wp-json\/wp\/v2\/comments?post=11218"}],"version-history":[{"count":6,"href":"https:\/\/www.oehweb.at\/en\/wp-json\/wp\/v2\/posts\/11218\/revisions"}],"predecessor-version":[{"id":11225,"href":"https:\/\/www.oehweb.at\/en\/wp-json\/wp\/v2\/posts\/11218\/revisions\/11225"}],"wp:featuredmedia":[{"embeddable":true,"href":"https:\/\/www.oehweb.at\/en\/wp-json\/wp\/v2\/media\/1609"}],"wp:attachment":[{"href":"https:\/\/www.oehweb.at\/en\/wp-json\/wp\/v2\/media?parent=11218"}],"wp:term":[{"taxonomy":"category","embeddable":true,"href":"https:\/\/www.oehweb.at\/en\/wp-json\/wp\/v2\/categories?post=11218"},{"taxonomy":"post_tag","embeddable":true,"href":"https:\/\/www.oehweb.at\/en\/wp-json\/wp\/v2\/tags?post=11218"}],"curies":[{"name":"wp","href":"https:\/\/api.w.org\/{rel}","templated":true}]}}