{"id":11304,"date":"2026-04-02T09:04:35","date_gmt":"2026-04-02T07:04:35","guid":{"rendered":"https:\/\/www.oehweb.at\/?p=11304"},"modified":"2026-04-02T09:04:35","modified_gmt":"2026-04-02T07:04:35","slug":"newsletter-april-2026","status":"publish","type":"post","link":"https:\/\/www.oehweb.at\/en\/newsletter-april-2026\/","title":{"rendered":"Newsletter April 2026"},"content":{"rendered":"<p>Dear students,<\/p>\n<p>wir w\u00fcnschen euch eine erholsame, vorlesungsfreie Zeit!<br \/>\nDamit ihr schon jetzt wisst, was euch im April an der Uni erwartet, findet ihr hier ein paar aktuellen News und Termine auf einen Blick:<\/p>\n<p>1) Unsere Events im April<br \/>\na) \u00d6sterreich 1&#215;1: Pubquiz am 14.04.26<br \/>\nb) Radlwerkstatt am 15.04.26 &#8211; mach dein Rad fit f\u00fcr den Sommer!<br \/>\nc) Podiumsdiskussion zu leistbaren W\u00d6Hnen am 16.04.26<br \/>\nd) Lange Nacht der Forschung am 24.04.26<br \/>\ne) Unser erster P\u00d6Hetry Slam am 29.04.26<br \/>\n2) Die Studienbeihilfe kann wieder beantragt werden<br \/>\n3) Die \u00d6H-Helpline ist jetzt auch am Campus<br \/>\n4) Gewinnspiel &#8222;ab ins Kino&#8220;<br \/>\n5) Tirol radelt &#8211; mitradeln und gewinnen!<\/p>\n<p>Schaut vorbei und genie\u00dft gemeinsam mit uns den Fr\u00fchling in Innsbruck!<\/p>\n<p><strong>Euer \u00d6H-Vorsitzteam<\/strong><br \/>\n<strong>Julian Herb &#8211; Anna Schramm &#8211; Gabriela Crnov<\/strong><\/p>\n<p>________________________________________<\/p>\n<h5><strong>1) Unsere Events im April<\/strong><\/h5>\n<p><strong>a) \u00d6sterreich 1x: Pubquiz am 14.04.26 (UIBK x MUI \u00d6H x Heimvertretungen Innsbruck)<\/strong><\/p>\n<p>Lust auf einen unterhaltsamen Abend, neue Leute und ein bisschen \u00d6sterreich-Wissen? Dann komm zu unserem Pub Quiz! Teste dein Wissen zu Kultur, Traditionen und Innsbruck &#8211; und lerne dabei andere Studierende kennen.<\/p>\n<p>14.04 \/ Ort wird per E-Mail bekannt gegeben<\/p>\n<p>Anmeldung: <a href=\"https:\/\/forms.gle\/JYccRUzmGv7kEegY6\">https:\/\/forms.gle\/JYccRUzmGv7kEegY6<\/a><\/p>\n<p>Wir freuen uns auf dich!<\/p>\n<p>&#8211;<\/p>\n<p><strong>b) Radlwerkstatt am 15.04. &#8211; mach dein Rad fit f\u00fcr den Sommer!<\/strong><\/p>\n<p>Green Office x Referat f\u00fcr Umwelt und Nachhaltigkeit Radlwerkstatt &#8211; Mach dein Rad fit f\u00fcr den Sommer!<\/p>\n<p>Mittwoch, 15. April 2026 von 11:00 bis 15:00 Uhr<\/p>\n<p>Ort: to be announced<\/p>\n<p>In der Radlwerkstatt, des Green Office gemeinsam mit dem Referat f\u00fcr Umwelt und Nachhaltigkeit der \u00d6H Innsbruck, lernst du in entspannter Atmosph\u00e4re, dein Fahrrad selbst zu reparieren und erh\u00e4ltst dabei wertvolle Tipps rund um Pflege und Wartung.<\/p>\n<p>Komm vorbei, schraub mit, tausche dich aus und starte nachhaltig und sicher in die warme Jahreszeit!<\/p>\n<p>&#8211;<\/p>\n<p><strong>c) Podiumsdiskussion zu leistbaren Wohnen am 16.04.26 &#8211; Leistbares W\u00d6Hnen!<\/strong><\/p>\n<p>Die Wohnungssuche in Innsbruck ist oft ein Abenteuer f\u00fcr sich. Aber wie sieht die Lage aktuell wirklich aus?<br \/>\nDas wollen wir gemeinsam kl\u00e4ren!<\/p>\n<p>Bei unserer \u00d6H-Podiumsdiskussion bringen wir Vertreter_innen gemeinn\u00fctziger Organisationen und der Stadt Innsbruck an einen Tisch, um die aktuelle Wohnsituation unter die Lupe zu nehmen.<\/p>\n<p>Deine Stimme ist gefragt: In einer abschlie\u00dfenden offenen Runde stehen eure Erfahrungen als Studierende im Mittelpunkt. Melde dich \u00fcber den Link an und schick uns deine Fragen gerne schon im Voraus!<\/p>\n<p>Nutze im Anschluss die Gelegenheit, den Abend bei Erfrischungen entspannt ausklingen zu lassen, Kontakte zu kn\u00fcpfen und deine Anregungen in lockerer Atmosph\u00e4re zu teilen.<\/p>\n<p>Wir freuen uns auf dich!<\/p>\n<p>Wann? 16.04.2026, Agnes Heller Haus (Audimax)<br \/>\nBeginn: 18 Uhr<\/p>\n<p>Anmeldung und Fragen im Voraus: <a href=\"https:\/\/docs.google.com\/forms\/d\/e\/1FAIpQLSe1pG_TqH-JMaNIqRjhwziwHzB7qGK1EfN4EE7QNKYqflM4Ow\/viewform?usp=header\">https:\/\/docs.google.com\/forms\/d\/e\/1FAIpQLSe1pG_TqH-JMaNIqRjhwziwHzB7qGK1EfN4EE7QNKYqflM4Ow\/viewform?usp=header<\/a><\/p>\n<p>&#8211;<\/p>\n<p><strong>d) Lange Nacht der Forschung am 24.04.26<\/strong><\/p>\n<p>Am 24. April ist es wieder so weit: Die Lange Nacht der Forschung findet in Innsbruck statt! An nahezu allen Uni-Standorten erwarten dich spannende Workshops, interaktive St\u00e4nde und interessante F\u00fchrungen.<\/p>\n<p>Dieses Jahr ist erstmals auch die \u00d6H Innsbruck mit dabei! Das Referat f\u00fcr Umwelt und Nachhaltigkeit gestaltet gemeinsam mit dem Green Office einen eigenen Raum rund um das Thema Hitze in Innsbruck. Dort kannst du dich \u00fcber aktuelle Entwicklungen und konkrete Daten zur Hitzever\u00e4nderung informieren, selbst kreativ werden und zum Beispiel bei einem Workshop F\u00e4cher basteln &#8211; und noch vieles mehr entdecken.<\/p>\n<p>Komm vorbei, informiere dich und mach mit!<br \/>\n&#8211; Wann? 24.04., 17:00-23:00 Uhr<br \/>\n&#8211; Wo? Lernzentrum Bauingenieurwesen &#8211; Technikerstra\u00dfe 13a<\/p>\n<p>Eine Anmeldung ist nicht erforderlich &#8211; einfach vorbeikommen!<\/p>\n<p>&#8211;<\/p>\n<p><strong>e) Unser erster P\u00d6Hetry Slam am 29.04.26<\/strong><\/p>\n<p>Vorhang auf f\u00fcr unseren ersten P\u00d6Hetry Slam im \u00c1gnes Heller Haus.<\/p>\n<p>Du wolltest schon immer mal einen Poetry Slam vortragen oder hast es schon einige Male gemacht und bekommst einfach nicht genug?<\/p>\n<p>Dann melde dich jetzt als Teinlnehmer_in bei unserem P\u00d6Hetry Slam an. Es gibt keine Themeneingrenzung &#8211; du bestimmst, um was es geht.<br \/>\nEs k\u00f6nnen maximal 8 Personen vortragen und 4 davon d\u00fcrfen sogar 2x auf die B\u00fchne, um einen weiteren Text vorzutragen.<\/p>\n<p>Wer am Ende des Abends gewinnt, entscheidet das Publikum.<\/p>\n<p>Zu den Hard facts:<br \/>\n&#8211; Wann: 29.04.2026<br \/>\n&#8211; Beginn: 19 Uhr (Achtung: wir bitten die Teilnehmenden eine halbe Stunde vor Beginn vor Ort zu sein)<br \/>\n&#8211; Ort: Kleiner H\u00f6rsaal im \u00c1gnes Heller Haus<\/p>\n<p>Wir sorgen nat\u00fcrlich auch f\u00fcr euer Wohl und versorgen euch vor Ort mit gratis Getr\u00e4nken und Popcorn. Um M\u00fcll zu vermeiden, bitten wir euch, eure eigenen Becher mitzunehmen.<\/p>\n<p>Bring deine Freund_innen mit und genie\u00df den Abend mit den kreativsten Texten der Universit\u00e4t.<\/p>\n<p>Link zur Anmeldung f\u00fcr Zuh\u00f6rende: <a href=\"https:\/\/forms.gle\/kNWahvQRP7s6SgjS7\">https:\/\/forms.gle\/kNWahvQRP7s6SgjS7<\/a><br \/>\nLink zur Anmeldung f\u00fcr Vortragende: <a href=\"https:\/\/forms.gle\/zZqiMAPFizBemo3e8\">https:\/\/forms.gle\/zZqiMAPFizBemo3e8<\/a><\/p>\n<p>&#8211;<\/p>\n<h5><strong>2) Studienbeihilfe kann wieder beantragt werden<\/strong><\/h5>\n<p>Nur mit einem Antrag kann dein Rechtsanspruch offiziell gepr\u00fcft werden. Ein Antrag lohnt sich IMMER!<br \/>\nWichtig: Stelle deinen Antrag rechtzeitig f\u00fcr das Sommersemester 2026. Die Frist l\u00e4uft vom 20. Februar bis zum 15. Mai 2026.<\/p>\n<p>Wie kann der Antrag gestellt werden?<br \/>\n&#8211; Online: Besonders schnell geht es via <a href=\"https:\/\/www.stipendium.at\/\">www.stipendium.at<\/a> mit der Handysignatur (ID Austria).<br \/>\n&#8211; Per Formular: Formulare downloaden, ausf\u00fcllen (Dauer ca. 5 Minuten) und einreichen:<br \/>\n&#8211; SB 1 (<a href=\"https:\/\/formulare.stipendium.at\/SB1.pdf\">https:\/\/formulare.stipendium.at\/SB1.pdf<\/a>)<br \/>\n&#8211; SB 3 (<a href=\"https:\/\/formulare.stipendium.at\/SB3.pdf\">https:\/\/formulare.stipendium.at\/SB3.pdf<\/a>)<br \/>\n&#8211; SB 5 (<a href=\"https:\/\/formulare.stipendium.at\/SB5.pdf\">https:\/\/formulare.stipendium.at\/SB5.pdf<\/a>)<\/p>\n<p>Kontakt &amp; Beratung<br \/>\nBei Fragen kannst du dich jederzeit an die Stipendienstelle Innsbruck wenden:<br \/>\n&#8211; E-Mail: <a href=\"mailto:Stip.Ibk@stbh.gv.at\">Stip.Ibk@stbh.gv.at<\/a><br \/>\n&#8211; Telefon: 0512 \/ 57 33 70 DW 510<br \/>\n&#8211; Pers\u00f6nlich, Mo-Do 9-12 Uhr, ohne Terminvereinbarung<\/p>\n<p>Also, worauf wartest du noch?<br \/>\nDeine Stipendienstelle Innsbruck<\/p>\n<p>&#8211;<\/p>\n<h5><strong>3) Neue \u00d6H Helpline-Beratungsstelle in Innsbruck<\/strong><\/h5>\n<p>Wir freuen uns, bekannt zu geben: Die \u00d6H Helpline ist jetzt auch mit einer Pr\u00e4senz-Ambulanz in Innsbruck f\u00fcr euch da! Ab sofort k\u00f6nnt ihr pers\u00f6nliche Erstgespr\u00e4che und psychosoziale Beratung direkt vor Ort im SOFA-Raum wahrnehmen. Dieser befindet sich im ersten Stock der Josef-Hirn-Stra\u00dfe 7 in Innsbruck.<\/p>\n<p>Die \u00d6H Helpline bietet euch kostenlose Beratung bei psychischen Belastungen, rasche Vermittlung zu leistbarer Psychotherapie und niederschwelligen Zugang zu weiterer Unterst\u00fctzung &#8211; jetzt auch pers\u00f6nlich direkt an der Uni in Innsbruck.<\/p>\n<p>Termine vereinbaren: Mo-Fr, 9-18 Uhr unter +43\/1\/585 33 33 oder online auf <a href=\"https:\/\/www.oeh.ac.at\/helpline\/\">www.oeh.ac.at\/helpline<\/a><\/p>\n<p>&#8211;<\/p>\n<h5><strong>4) Gewinnspiel &#8222;ab ins Kino&#8220;<\/strong><\/h5>\n<p>Wir verlosen wieder 2&#215;2 Tickets f\u00fcr zwei absolute Film-Highlights:<\/p>\n<p>YANUNI &#8211; Die Stimme des Amazonas: Ein bildgewaltiges Epos \u00fcber die indigene Anf\u00fchrerin Juma Xipaia. Der Film (produziert von Leonardo DiCaprio) zeigt ihren mutigen Kampf gegen illegale Goldminen und f\u00fcr den Erhalt des Regenwaldes. Packend und hochaktuell!<\/p>\n<p>ROSE: Das neue Meisterwerk von Markus Schleinzer mit Sandra H\u00fcller. Inmitten des 30-j\u00e4hrigen Krieges sucht eine Frau in M\u00e4nnerkleidung nach Identit\u00e4t und Heimat in einer misstrauischen Dorfgemeinschaft. Ein radikales, preisgekr\u00f6ntes Historiendrama.<\/p>\n<p>So bist du dabei:<br \/>\n&#8211; Einfach dem Link folgen,<br \/>\n&#8211; Film w\u00e4hlen &amp; Formular ausf\u00fcllen<br \/>\n&#8211; Link: <a href=\"https:\/\/forms.gle\/ZTJj3MmHoP84rm39A\">https:\/\/forms.gle\/ZTJj3MmHoP84rm39A<\/a><\/p>\n<p>Viel Erfolg und wir sehen uns im Kino!<\/p>\n<p>&#8211;<\/p>\n<h5><strong>5) Tirol radelt &#8211; mitradeln und gewinnen!<\/strong><\/h5>\n<p>Bei Tirol radelt geht es darum, m\u00f6glichst viele Alltagswege mit dem Fahrrad zur\u00fcckzulegen &#8211; egal ob zur Uni oder in der Freizeit. Jede Fahrt z\u00e4hlt und du kannst dabei tolle Preise gewinnen!<\/p>\n<p>Melde dich jetzt an, tracke deine Kilometer und werde Teil der gr\u00f6\u00dften Radkampagne Tirols.<\/p>\n<p>Jetzt anmelden auf tirol.radelt.at (<a href=\"https:\/\/tirol.radelt.at\/\">https:\/\/tirol.radelt.at\/<\/a>) oder in der \u00d6sterreich radelt App (<a href=\"https:\/\/www.radelt.at\/appstore\">https:\/\/www.radelt.at\/appstore<\/a>).<\/p>\n<p><strong><em>English version<\/em><\/strong><\/p>\n<p>Dear Students,<\/p>\n<p>We hope you are having a relaxing lecture-free period!<br \/>\nTo make sure you&#8217;re already in the loop for what&#8217;s happening at the university in April, here is a quick overview of the latest news and dates:<\/p>\n<p>1. Our Events in April<br \/>\na. Austria 1&#215;1: Pub Quiz on 14.04.26<br \/>\nb. Bike Workshop on 15.04.26 &#8211; get your bike ready for summer!<br \/>\nc. Panel Discussion on Affordable Housing (\u00b4W\u00d6Hnen\u00b4) on 16.04.26<br \/>\nd. Long Night of Research on 24.04.26<br \/>\ne. Our first P\u00d6Hetry Slam on 29.04.26<br \/>\n2. Study Grant (Studienbeihilfe) applications are open again<br \/>\n3. New \u00d6H Helpline counselling centre in Innsbruck<br \/>\n4. \u00b4Off to the Cinema\u00b4 Giveaway<br \/>\n5. Tirol Radelt &#8211; cycle along and win!<\/p>\n<p>Stop by and let&#8217;s enjoy spring in Innsbruck together!<\/p>\n<p><strong>Your \u00d6H Executive Team<\/strong><br \/>\n<strong>Julian Herb &#8211; Anna Schramm &#8211; Gabriela Crnov<\/strong><\/p>\n<p>_____________________________________<\/p>\n<h5><strong>1. Our Events in April<\/strong><\/h5>\n<p><strong>a. Austria 1&#215;1: Pub Quiz on 14.04.26 (UIBK x MUI \u00d6H x Student Residence Representatives)<\/strong><\/p>\n<p>Looking for a fun evening, new people, and a bit of Austria trivia? Join our Pub Quiz! Test your knowledge about culture, traditions, and Innsbruck while meeting other students.<\/p>\n<p>14 April \/ Location will be shared via email<\/p>\n<p>Sign up: <a href=\"https:\/\/forms.gle\/JYccRUzmGv7kEegY6\">https:\/\/forms.gle\/JYccRUzmGv7kEegY6<\/a><\/p>\n<p>We&#8217;re looking forward to seeing you!<\/p>\n<p>&#8211;<\/p>\n<p><strong>b. Bike Workshop &#8211; Get your bike ready for summer!<\/strong><\/p>\n<p>Green Office x Department for Environment and Sustainability<\/p>\n<p>Wednesday, April 15, 2026, from 11:00 AM to 3:00 PM<br \/>\nLocation: To be announced<\/p>\n<p>At the bike workshop organized by the Green Office together with the Department for Environment and Sustainability of the \u00d6H Innsbruck, you&#8217;ll learn in a relaxed atmosphere how to repair your bicycle yourself and receive valuable tips on maintenance and care.<\/p>\n<p>Stop by, get hands-on, exchange ideas, and start the warm season in a sustainable and safe way!<\/p>\n<p>&#8211;<\/p>\n<p><strong>c. Panel Discussion on Affordable Housing &#8211; \u00b4Leistbares W\u00d6Hnen!\u00b4<\/strong><\/p>\n<p>Finding an apartment in Innsbruck is often an adventure in itself. But what is the current situation really like? We want to find out together!<\/p>\n<p>At our \u00d6H panel discussion, we are bringing representatives from non-profit organizations and the City of Innsbruck to the table to take a close look at the housing situation.<\/p>\n<p>Your voice matters: In a concluding open round, your experiences as students will take center stage. Register via the link and feel free to send us your questions in advance! Afterwards, take the opportunity to end the evening with refreshments, network, and share your suggestions in a casual atmosphere.<\/p>\n<p>&#8211; When? 16.04.2026, Agnes Heller Haus (Audimax)<br \/>\n&#8211; Start: 6:00 PM<br \/>\n&#8211; Registration &amp; Questions: <a href=\"https:\/\/docs.google.com\/forms\/d\/e\/1FAIpQLSe1pG_TqH-JMaNIqRjhwziwHzB7qGK1EfN4EE7QNKYqflM4Ow\/viewform?usp=header\">https:\/\/docs.google.com\/forms\/d\/e\/1FAIpQLSe1pG_TqH-JMaNIqRjhwziwHzB7qGK1EfN4EE7QNKYqflM4Ow\/viewform?usp=header<\/a><\/p>\n<p>&#8211;<\/p>\n<p><strong>d. Long Night of Research (Lange Nacht der Forschung) on 24.04.26<\/strong><\/p>\n<p>On April 24, it&#8217;s time again for the Long Night of Research in Innsbruck! Across nearly all university locations, you can explore exciting workshops, interactive booths, and guided tours.<\/p>\n<p>For the first time, the \u00d6H Innsbruck will also be part of the event! The Department for Environment and Sustainability, together with the Green Office, will host a dedicated room focusing on heat in Innsbruck. There, you can learn about current developments and detailed data on rising temperatures, get creative in a fan-making workshop, and discover much more.<\/p>\n<p>Stop by, get informed, and get involved!<br \/>\n&#8211; When? 24.04., 5:00 PM &#8211; 11:00 PM<br \/>\n&#8211; Where? Civil Engineering Learning Center (Lernzentrum Bauingenieurwesen) &#8211; Technikerstra\u00dfe 13a<\/p>\n<p>No registration required &#8211; just drop by!<\/p>\n<p>&#8211;<\/p>\n<p><strong>e. Our First P\u00d6Hetry Slam on 29.04.26<\/strong><\/p>\n<p>Curtain up for our first P\u00d6Hetry Slam at the \u00c1gnes Heller Haus!<br \/>\nHave you always wanted to perform at a poetry slam, or are you a seasoned pro who can\u00b4t get enough? Then register now as a participant! There are no thematic restrictions &#8211; you decide what it&#8217;s about. A maximum of 8 people can perform, and 4 of them will even get to take the stage a second time. The audience decides the winner.<\/p>\n<p>The Hard Facts:<br \/>\n&#8211; When: 29.04.2026<br \/>\n&#8211; Start: 7:00 PM (Participants: please arrive 30 minutes early)<br \/>\n&#8211; Location: Small Lecture Hall (Kleiner H\u00f6rsaal), \u00c1gnes Heller Haus<\/p>\n<p>We&#8217;ll provide free drinks and popcorn. To avoid waste, please bring your own cup!<br \/>\n&#8211; Registration for Audience: <a href=\"https:\/\/forms.gle\/kNWahvQRP7s6SgjS7\">https:\/\/forms.gle\/kNWahvQRP7s6SgjS7<\/a><br \/>\n&#8211; Registration for Performers: <a href=\"https:\/\/forms.gle\/zZqiMAPFizBemo3e8\">https:\/\/forms.gle\/zZqiMAPFizBemo3e8<\/a><\/p>\n<p>&#8211;<\/p>\n<h5><strong>2. Study Grant (Studienbeihilfe) Applications<\/strong><\/h5>\n<p>Only with an application can your legal entitlement be officially checked. It is ALWAYS worth applying!<\/p>\n<p>Important: Submit your application in time for the 2026 summer semester. The deadline is from February 20th to May 15th, 2026.<\/p>\n<p>&#8211; Online: Fastest via stipendium.at (<a href=\"http:\/\/www.stipendium.at\/\">http:\/\/www.stipendium.at\/<\/a>) with your ID Austria.<br \/>\n&#8211; Via Form: Download, fill out (approx. 5 mins), and submit Forms:<br \/>\n&#8211; SB 1 (<a href=\"https:\/\/formulare.stipendium.at\/SB1.pdf\">https:\/\/formulare.stipendium.at\/SB1.pdf<\/a>)<br \/>\n&#8211; SB 3 (<a href=\"https:\/\/formulare.stipendium.at\/SB3.pdf\">https:\/\/formulare.stipendium.at\/SB3.pdf<\/a>)<br \/>\n&#8211; SB 5 (<a href=\"https:\/\/formulare.stipendium.at\/SB5.pdf\">https:\/\/formulare.stipendium.at\/SB5.pdf<\/a>)<\/p>\n<p>Contact &amp; Advice: If you have questions, contact the Innsbruck Grant Office:<br \/>\n&#8211; E-Mail: <a href=\"mailto:Stip.Ibk@stbh.gv.at\">Stip.Ibk@stbh.gv.at<\/a><br \/>\n&#8211; Phone: 0512 \/ 57 33 70 DW 510<br \/>\n&#8211; personal: Monday-Thursday 9 AM-12 PM<\/p>\n<p>What are you waiting for?<\/p>\n<p>Your Grant Office<\/p>\n<p>&#8211;<\/p>\n<h5><strong>3. New \u00d6H Helpline Counseling Center in Innsbruck<\/strong><\/h5>\n<p>We are delighted to announce that the \u00d6H Helpline is now also available to you via an in-person service in Innsbruck! From now on, you can attend initial face-to-face consultations and receive psychosocial counselling directly on site at the SOFA-Raum (Josef-Hirn-Stra\u00dfe 7, 1st floor).<\/p>\n<p>The \u00d6H Helpline offers you free counseling for mental health issues, rapid referral to affordable psychotherapy and low-threshold access to further support &#8211; now also in person, right at the University of Innsbruck.<\/p>\n<p>&#8211; Book an appointment: Mon-Fri, 9 AM &#8211; 6 PM at +43\/1\/585 33 33 or online at <a href=\"https:\/\/www.oeh.ac.at\/helpline\/\">www.oeh.ac.at\/helpline<\/a>.<\/p>\n<p>You are not alone.<\/p>\n<p>&#8211;<\/p>\n<h5><strong>4. \u00b4Off to the Cinema\u00b4 Giveaway<\/strong><\/h5>\n<p>We are giving away 2&#215;2 tickets for two major film highlights:<\/p>\n<p>YANUNI &#8211; The Voice of the Amazon: An epic about indigenous leader Juma Xipaia and her fight against illegal gold mines.<\/p>\n<p>ROSE: The new masterpiece by Markus Schleinzer starring Sandra H\u00fcller. A radical historical drama about identity.<\/p>\n<p>How to enter:<br \/>\n&#8211; Follow the link,<br \/>\n&#8211; choose your film,<br \/>\n&#8211; and fill out the form: <a href=\"https:\/\/forms.gle\/ZTJj3MmHoP84rm39A\">https:\/\/forms.gle\/ZTJj3MmHoP84rm39A<\/a><\/p>\n<p>&#8211;<\/p>\n<h5><strong>5. Tirol Radelt &#8211; Cycle along and win!<\/strong><\/h5>\n<p>\u00b4Tirol Radelt\u00b4 is all about covering as many everyday trips as possible by bike &#8211; whether to the university or in your free time. Every ride counts, and you can win great prizes!<br \/>\nRegister now and track your kilometers at tirol.radelt (<a href=\"http:\/\/tirol.radelt.at\/\">http:\/\/tirol.radelt.at\/<\/a>) or via the \u00b4\u00d6sterreich radelt\u00b4 app (<a href=\"https:\/\/www.radelt.at\/appstore\">https:\/\/www.radelt.at\/appstore<\/a>).<\/p>","protected":false},"excerpt":{"rendered":"<p>Liebe Studierende, wir w\u00fcnschen euch eine erholsame, vorlesungsfreie Zeit! Damit ihr schon jetzt wisst, was euch im April an der Uni erwartet, findet ihr hier ein paar aktuellen News und Termine auf einen Blick: 1) Unsere Events im April a) \u00d6sterreich 1&#215;1: Pubquiz am 14.04.26 b) Radlwerkstatt am 15.04.26 &#8211; mach dein Rad fit f\u00fcr [&hellip;]<\/p>\n","protected":false},"author":5,"featured_media":11305,"comment_status":"closed","ping_status":"closed","sticky":false,"template":"","format":"standard","meta":{"inline_featured_image":false,"footnotes":""},"categories":[1],"tags":[],"class_list":["post-11304","post","type-post","status-publish","format-standard","has-post-thumbnail","hentry","category-allgemein"],"yoast_head":"<!-- This site is optimized with the Yoast SEO plugin v21.8.1 - https:\/\/yoast.com\/wordpress\/plugins\/seo\/ -->\n<title>Newsletter April 2026 - \u00d6H Innsbruck<\/title>\n<meta name=\"robots\" content=\"index, follow, max-snippet:-1, max-image-preview:large, max-video-preview:-1\" \/>\n<link rel=\"canonical\" href=\"https:\/\/www.oehweb.at\/en\/newsletter-april-2026\/\" \/>\n<meta property=\"og:locale\" content=\"en_GB\" \/>\n<meta property=\"og:type\" content=\"article\" \/>\n<meta property=\"og:title\" content=\"Newsletter April 2026 - \u00d6H Innsbruck\" \/>\n<meta property=\"og:description\" content=\"Liebe Studierende, wir w\u00fcnschen euch eine erholsame, vorlesungsfreie Zeit! Damit ihr schon jetzt wisst, was euch im April an der Uni erwartet, findet ihr hier ein paar aktuellen News und Termine auf einen Blick: 1) Unsere Events im April a) \u00d6sterreich 1&#215;1: Pubquiz am 14.04.26 b) Radlwerkstatt am 15.04.26 &#8211; mach dein Rad fit f\u00fcr [&hellip;]\" \/>\n<meta property=\"og:url\" content=\"https:\/\/www.oehweb.at\/en\/newsletter-april-2026\/\" \/>\n<meta property=\"og:site_name\" content=\"\u00d6H Innsbruck\" \/>\n<meta property=\"article:published_time\" content=\"2026-04-02T07:04:35+00:00\" \/>\n<meta property=\"og:image\" content=\"https:\/\/www.oehweb.at\/wp-content\/uploads\/2026\/04\/Screenshot-2026-04-02-at-09-02-46-Instagram.png\" \/>\n\t<meta property=\"og:image:width\" content=\"749\" \/>\n\t<meta property=\"og:image:height\" content=\"936\" \/>\n\t<meta property=\"og:image:type\" content=\"image\/png\" \/>\n<meta name=\"author\" content=\"OEH Innsbruck\" \/>\n<meta name=\"twitter:card\" content=\"summary_large_image\" \/>\n<meta name=\"twitter:label1\" content=\"Written by\" \/>\n\t<meta name=\"twitter:data1\" content=\"OEH Innsbruck\" \/>\n\t<meta name=\"twitter:label2\" content=\"Estimated reading time\" \/>\n\t<meta name=\"twitter:data2\" content=\"12 minutes\" \/>\n<script type=\"application\/ld+json\" class=\"yoast-schema-graph\">{\"@context\":\"https:\/\/schema.org\",\"@graph\":[{\"@type\":\"Article\",\"@id\":\"https:\/\/www.oehweb.at\/newsletter-april-2026\/#article\",\"isPartOf\":{\"@id\":\"https:\/\/www.oehweb.at\/newsletter-april-2026\/\"},\"author\":{\"name\":\"OEH Innsbruck\",\"@id\":\"https:\/\/www.oehweb.at\/#\/schema\/person\/70c69413dd3501c0c40fbc1430d34564\"},\"headline\":\"Newsletter April 2026\",\"datePublished\":\"2026-04-02T07:04:35+00:00\",\"dateModified\":\"2026-04-02T07:04:35+00:00\",\"mainEntityOfPage\":{\"@id\":\"https:\/\/www.oehweb.at\/newsletter-april-2026\/\"},\"wordCount\":2285,\"publisher\":{\"@id\":\"https:\/\/www.oehweb.at\/#organization\"},\"articleSection\":[\"Allgemein\"],\"inLanguage\":\"en-GB\"},{\"@type\":\"WebPage\",\"@id\":\"https:\/\/www.oehweb.at\/newsletter-april-2026\/\",\"url\":\"https:\/\/www.oehweb.at\/newsletter-april-2026\/\",\"name\":\"Newsletter April 2026 - \u00d6H Innsbruck\",\"isPartOf\":{\"@id\":\"https:\/\/www.oehweb.at\/#website\"},\"datePublished\":\"2026-04-02T07:04:35+00:00\",\"dateModified\":\"2026-04-02T07:04:35+00:00\",\"breadcrumb\":{\"@id\":\"https:\/\/www.oehweb.at\/newsletter-april-2026\/#breadcrumb\"},\"inLanguage\":\"en-GB\",\"potentialAction\":[{\"@type\":\"ReadAction\",\"target\":[\"https:\/\/www.oehweb.at\/newsletter-april-2026\/\"]}]},{\"@type\":\"BreadcrumbList\",\"@id\":\"https:\/\/www.oehweb.at\/newsletter-april-2026\/#breadcrumb\",\"itemListElement\":[{\"@type\":\"ListItem\",\"position\":1,\"name\":\"Home\",\"item\":\"https:\/\/www.oehweb.at\/\"},{\"@type\":\"ListItem\",\"position\":2,\"name\":\"Newsletter April 2026\"}]},{\"@type\":\"WebSite\",\"@id\":\"https:\/\/www.oehweb.at\/#website\",\"url\":\"https:\/\/www.oehweb.at\/\",\"name\":\"\u00d6H Innsbruck\",\"description\":\"Wir sind die \u00d6sterreichische Hochsch\u00fclerInnenschaft an der Universit\u00e4t Innsbruck\",\"publisher\":{\"@id\":\"https:\/\/www.oehweb.at\/#organization\"},\"potentialAction\":[{\"@type\":\"SearchAction\",\"target\":{\"@type\":\"EntryPoint\",\"urlTemplate\":\"https:\/\/www.oehweb.at\/?s={search_term_string}\"},\"query-input\":\"required name=search_term_string\"}],\"inLanguage\":\"en-GB\"},{\"@type\":\"Organization\",\"@id\":\"https:\/\/www.oehweb.at\/#organization\",\"name\":\"\u00d6H Innsrbruck\",\"url\":\"https:\/\/www.oehweb.at\/\",\"logo\":{\"@type\":\"ImageObject\",\"inLanguage\":\"en-GB\",\"@id\":\"https:\/\/www.oehweb.at\/#\/schema\/logo\/image\/\",\"url\":\"https:\/\/www.oehweb.at\/wp-content\/uploads\/2020\/11\/OEH-Innsbruck-Logo.svg\",\"contentUrl\":\"https:\/\/www.oehweb.at\/wp-content\/uploads\/2020\/11\/OEH-Innsbruck-Logo.svg\",\"width\":448,\"height\":255,\"caption\":\"\u00d6H Innsrbruck\"},\"image\":{\"@id\":\"https:\/\/www.oehweb.at\/#\/schema\/logo\/image\/\"}},{\"@type\":\"Person\",\"@id\":\"https:\/\/www.oehweb.at\/#\/schema\/person\/70c69413dd3501c0c40fbc1430d34564\",\"name\":\"OEH Innsbruck\",\"image\":{\"@type\":\"ImageObject\",\"inLanguage\":\"en-GB\",\"@id\":\"https:\/\/www.oehweb.at\/#\/schema\/person\/image\/\",\"url\":\"https:\/\/secure.gravatar.com\/avatar\/bda643763d9c226f03befc6c02f867711d0de81b896dff2747848e543a1de895?s=96&d=mm&r=g\",\"contentUrl\":\"https:\/\/secure.gravatar.com\/avatar\/bda643763d9c226f03befc6c02f867711d0de81b896dff2747848e543a1de895?s=96&d=mm&r=g\",\"caption\":\"OEH Innsbruck\"}}]}<\/script>\n<!-- \/ Yoast SEO plugin. -->","yoast_head_json":{"title":"Newsletter April 2026 - \u00d6H Innsbruck","robots":{"index":"index","follow":"follow","max-snippet":"max-snippet:-1","max-image-preview":"max-image-preview:large","max-video-preview":"max-video-preview:-1"},"canonical":"https:\/\/www.oehweb.at\/en\/newsletter-april-2026\/","og_locale":"en_GB","og_type":"article","og_title":"Newsletter April 2026 - \u00d6H Innsbruck","og_description":"Liebe Studierende, wir w\u00fcnschen euch eine erholsame, vorlesungsfreie Zeit! Damit ihr schon jetzt wisst, was euch im April an der Uni erwartet, findet ihr hier ein paar aktuellen News und Termine auf einen Blick: 1) Unsere Events im April a) \u00d6sterreich 1&#215;1: Pubquiz am 14.04.26 b) Radlwerkstatt am 15.04.26 &#8211; mach dein Rad fit f\u00fcr [&hellip;]","og_url":"https:\/\/www.oehweb.at\/en\/newsletter-april-2026\/","og_site_name":"\u00d6H Innsbruck","article_published_time":"2026-04-02T07:04:35+00:00","og_image":[{"width":749,"height":936,"url":"https:\/\/www.oehweb.at\/wp-content\/uploads\/2026\/04\/Screenshot-2026-04-02-at-09-02-46-Instagram.png","type":"image\/png"}],"author":"OEH Innsbruck","twitter_card":"summary_large_image","twitter_misc":{"Written by":"OEH Innsbruck","Estimated reading time":"12 minutes"},"schema":{"@context":"https:\/\/schema.org","@graph":[{"@type":"Article","@id":"https:\/\/www.oehweb.at\/newsletter-april-2026\/#article","isPartOf":{"@id":"https:\/\/www.oehweb.at\/newsletter-april-2026\/"},"author":{"name":"OEH Innsbruck","@id":"https:\/\/www.oehweb.at\/#\/schema\/person\/70c69413dd3501c0c40fbc1430d34564"},"headline":"Newsletter April 2026","datePublished":"2026-04-02T07:04:35+00:00","dateModified":"2026-04-02T07:04:35+00:00","mainEntityOfPage":{"@id":"https:\/\/www.oehweb.at\/newsletter-april-2026\/"},"wordCount":2285,"publisher":{"@id":"https:\/\/www.oehweb.at\/#organization"},"articleSection":["Allgemein"],"inLanguage":"en-GB"},{"@type":"WebPage","@id":"https:\/\/www.oehweb.at\/newsletter-april-2026\/","url":"https:\/\/www.oehweb.at\/newsletter-april-2026\/","name":"Newsletter April 2026 - \u00d6H Innsbruck","isPartOf":{"@id":"https:\/\/www.oehweb.at\/#website"},"datePublished":"2026-04-02T07:04:35+00:00","dateModified":"2026-04-02T07:04:35+00:00","breadcrumb":{"@id":"https:\/\/www.oehweb.at\/newsletter-april-2026\/#breadcrumb"},"inLanguage":"en-GB","potentialAction":[{"@type":"ReadAction","target":["https:\/\/www.oehweb.at\/newsletter-april-2026\/"]}]},{"@type":"BreadcrumbList","@id":"https:\/\/www.oehweb.at\/newsletter-april-2026\/#breadcrumb","itemListElement":[{"@type":"ListItem","position":1,"name":"Home","item":"https:\/\/www.oehweb.at\/"},{"@type":"ListItem","position":2,"name":"Newsletter April 2026"}]},{"@type":"WebSite","@id":"https:\/\/www.oehweb.at\/#website","url":"https:\/\/www.oehweb.at\/","name":"\u00d6H Innsbruck","description":"Wir sind die \u00d6sterreichische Hochsch\u00fclerInnenschaft an der Universit\u00e4t Innsbruck","publisher":{"@id":"https:\/\/www.oehweb.at\/#organization"},"potentialAction":[{"@type":"SearchAction","target":{"@type":"EntryPoint","urlTemplate":"https:\/\/www.oehweb.at\/?s={search_term_string}"},"query-input":"required name=search_term_string"}],"inLanguage":"en-GB"},{"@type":"Organization","@id":"https:\/\/www.oehweb.at\/#organization","name":"\u00d6H Innsrbruck","url":"https:\/\/www.oehweb.at\/","logo":{"@type":"ImageObject","inLanguage":"en-GB","@id":"https:\/\/www.oehweb.at\/#\/schema\/logo\/image\/","url":"https:\/\/www.oehweb.at\/wp-content\/uploads\/2020\/11\/OEH-Innsbruck-Logo.svg","contentUrl":"https:\/\/www.oehweb.at\/wp-content\/uploads\/2020\/11\/OEH-Innsbruck-Logo.svg","width":448,"height":255,"caption":"\u00d6H Innsrbruck"},"image":{"@id":"https:\/\/www.oehweb.at\/#\/schema\/logo\/image\/"}},{"@type":"Person","@id":"https:\/\/www.oehweb.at\/#\/schema\/person\/70c69413dd3501c0c40fbc1430d34564","name":"OEH Innsbruck","image":{"@type":"ImageObject","inLanguage":"en-GB","@id":"https:\/\/www.oehweb.at\/#\/schema\/person\/image\/","url":"https:\/\/secure.gravatar.com\/avatar\/bda643763d9c226f03befc6c02f867711d0de81b896dff2747848e543a1de895?s=96&d=mm&r=g","contentUrl":"https:\/\/secure.gravatar.com\/avatar\/bda643763d9c226f03befc6c02f867711d0de81b896dff2747848e543a1de895?s=96&d=mm&r=g","caption":"OEH Innsbruck"}}]}},"_links":{"self":[{"href":"https:\/\/www.oehweb.at\/en\/wp-json\/wp\/v2\/posts\/11304","targetHints":{"allow":["GET"]}}],"collection":[{"href":"https:\/\/www.oehweb.at\/en\/wp-json\/wp\/v2\/posts"}],"about":[{"href":"https:\/\/www.oehweb.at\/en\/wp-json\/wp\/v2\/types\/post"}],"author":[{"embeddable":true,"href":"https:\/\/www.oehweb.at\/en\/wp-json\/wp\/v2\/users\/5"}],"replies":[{"embeddable":true,"href":"https:\/\/www.oehweb.at\/en\/wp-json\/wp\/v2\/comments?post=11304"}],"version-history":[{"count":1,"href":"https:\/\/www.oehweb.at\/en\/wp-json\/wp\/v2\/posts\/11304\/revisions"}],"predecessor-version":[{"id":11306,"href":"https:\/\/www.oehweb.at\/en\/wp-json\/wp\/v2\/posts\/11304\/revisions\/11306"}],"wp:featuredmedia":[{"embeddable":true,"href":"https:\/\/www.oehweb.at\/en\/wp-json\/wp\/v2\/media\/11305"}],"wp:attachment":[{"href":"https:\/\/www.oehweb.at\/en\/wp-json\/wp\/v2\/media?parent=11304"}],"wp:term":[{"taxonomy":"category","embeddable":true,"href":"https:\/\/www.oehweb.at\/en\/wp-json\/wp\/v2\/categories?post=11304"},{"taxonomy":"post_tag","embeddable":true,"href":"https:\/\/www.oehweb.at\/en\/wp-json\/wp\/v2\/tags?post=11304"}],"curies":[{"name":"wp","href":"https:\/\/api.w.org\/{rel}","templated":true}]}}