{"id":11319,"date":"2026-04-17T09:35:28","date_gmt":"2026-04-17T07:35:28","guid":{"rendered":"https:\/\/www.oehweb.at\/?p=11319"},"modified":"2026-04-17T09:35:28","modified_gmt":"2026-04-17T07:35:28","slug":"newsletter-16-04-2026","status":"publish","type":"post","link":"https:\/\/www.oehweb.at\/en\/newsletter-16-04-2026\/","title":{"rendered":"Newsletter 16.04.2026"},"content":{"rendered":"<p><strong>-english version below-<\/strong><\/p>\n<p>Dear students,<\/p>\n<p>wir ihr sicher bereits gemerkt habt, ist einiges los im April von Seiten der Hochsch\u00fclerinnen und Hochsch\u00fclerschaft an der Universit\u00e4t Innsbruck. Deshalb noch erg\u00e4nzend und zur Erinnerung ein paar Ausblicke:<br \/>\nBereits heute ist ein Highlight geplant: Die Podiumsdiskussion mit Georg Willi, Vertreter_innen von DOWAS und Lila wohnt und unserem Vorsitzenden Julian Herb zum Thema leistbares W\u00d6Hnen!<\/p>\n<p>Lest rein, seid dabei und nutzt das Angebot.<\/p>\n<p>1.) Podiumsdiskussion zu leistbaren Wohnen am 16.04.26 um 18 Uhr &#8211; Leistbares W\u00d6Hnen!<br \/>\n2.) Unser erster P\u00d6Hetry Slam am 29.04.26<br \/>\n3.) &#8222;Krach f\u00fcr die Wissenschaft, weil\u00b4s ohne Wissenschaft kracht!&#8220;<\/p>\n<p><strong>Euer \u00d6H-Vorsitzteam<\/strong><br \/>\n<strong>Julian Herb &#8211; Anna Schramm &#8211; Gabriela Crnov<\/strong><\/p>\n<h5><strong>1.) Podiumsdiskussion zu leistbaren Wohnen am 16.04.26 um 18 Uhr &#8211; Leistbares W\u00d6Hnen!<\/strong><\/h5>\n<p>Die Wohnungssuche in Innsbruck ist oft ein Abenteuer f\u00fcr sich. Aber wie sieht die Lage aktuell wirklich aus?<br \/>\nDas wollen wir gemeinsam kl\u00e4ren!<\/p>\n<p>Bei unserer \u00d6H-Podiumsdiskussion bringen wir Vertreter_innen gemeinn\u00fctziger Organisationen und der Stadt Innsbruck an einen Tisch, um die aktuelle Wohnsituation unter die Lupe zu nehmen.<\/p>\n<p>Nutze im Anschluss die Gelegenheit, den Abend bei Erfrischungen entspannt ausklingen zu lassen, Kontakte zu kn\u00fcpfen und deine Anregungen in lockerer Atmosph\u00e4re zu teilen.<\/p>\n<p>&#8211; Wann? 16.04.2026, Agnes Heller Haus (Audimax)<br \/>\n&#8211; Beginn: 18 Uhr<\/p>\n<p>Wir freuen uns auf dich und deine Freund_innen!<\/p>\n<p>Dein Referat f\u00fcr Heime und Wohnen dein Referat f\u00fcr Soziales und dein Referat f\u00fcr Bildungspolitik<\/p>\n<p>&#8211;<\/p>\n<h5><strong>2.) Unser erster P\u00d6Hetry Slam am 29.04.26<\/strong><\/h5>\n<p>Vorhang auf f\u00fcr unseren ersten P\u00d6Hetry Slam im \u00c1gnes Heller Haus!<\/p>\n<p>Du wolltest schon immer mal einen Poetry Slam vortragen oder hast es schon einige Male gemacht und bekommst einfach nicht genug?<\/p>\n<p>Dann melde dich jetzt als Teilnehmer_in bei unserem P\u00d6Hetry Slam an. Es gibt keine Themeneingrenzung &#8211; du bestimmst, um was es geht.<br \/>\nEs k\u00f6nnen maximal 8 Personen vortragen und 4 davon d\u00fcrfen sogar 2x auf die B\u00fchne, um einen weiteren Text vorzutragen.<\/p>\n<p>Wer am Ende des Abends gewinnt, entscheidet das Publikum.<\/p>\n<p>Zu den Hard Facts:<br \/>\n&#8211; Wann: 29.04.2026<br \/>\n&#8211; Beginn: 19 Uhr (Achtung: wir bitten die Teilnehmenden eine halbe Stunde vor Beginn vor Ort zu sein)<br \/>\n&#8211; Ort: Kleiner H\u00f6rsaal im \u00c1gnes Heller Haus<\/p>\n<p>Wir sorgen nat\u00fcrlich auch f\u00fcr euer Wohl und versorgen euch vor Ort mit gratis Getr\u00e4nken und Popcorn. Um M\u00fcll zu vermeiden, bitten wir euch, eure eigenen Becher mitzunehmen.<\/p>\n<p>Bring deine Freund_innen mit und genie\u00df den Abend mit den kreativsten Texten der Universit\u00e4t.<\/p>\n<p>Link zur Anmeldung f\u00fcr Zuh\u00f6rende: <a href=\"https:\/\/forms.gle\/kNWahvQRP7s6SgjS7\">https:\/\/forms.gle\/kNWahvQRP7s6SgjS7<\/a><br \/>\nLink zur Anmeldung f\u00fcr Vortragende: <a href=\"https:\/\/forms.gle\/zZqiMAPFizBemo3e8\">https:\/\/forms.gle\/zZqiMAPFizBemo3e8<\/a><\/p>\n<p>&#8211;<\/p>\n<h5><strong>3.) &#8222;Krach f\u00fcr die Wissenschaft, weil\u00b4s ohne Wissenschaft kracht!&#8220;<\/strong><\/h5>\n<p>Am Dienstag, den 21. April, findet an allen Universit\u00e4tsstandorten ein Aktionstag statt. Ziel ist es, den gesellschaftlichen Mehrwert der Wissenschaft zu betonen und im Vorfeld der Verhandlungen des Budgets die \u00d6ffentlichkeit daf\u00fcr zu sensibilisieren.<\/p>\n<p>In Innsbruck haben wir uns gemeinsam mit der Medizinischen Universit\u00e4t entschieden, unter dem Motto &#8222;Krach f\u00fcr die Wissenschaft, weil\u00b4s ohne Wissenschaft kracht!&#8220; einen Rundgang durch die Innenstadt zu machen und uns dabei vom bekannten &#8222;StreetNoise Orchestra&#8220; begleiten zu lassen.<\/p>\n<p>Um ein deutliches Zeichen zu setzen, bitten wir euch alle, sich an dieser Veranstaltung zu beteiligen.<br \/>\n&#8211; WANN: am 21. April um 11:55 Uhr &#8211; &#8222;5 vor 12&#8220;<br \/>\n&#8211; WO: vor der Annas\u00e4ule<\/p>\n<p>Von dort aus werden wir gemeinsam durch die Stadt gehen. An mehreren Stationen entlang des Weges werden Wissenschaftler_innen und Vertreter_innen der Studierenden in kurzen Ansprachen auf die gesellschaftliche Bedeutung von Wissenschaft aufmerksam machen.<\/p>\n<p>Um allen Studierenden die Teilnahme zu erm\u00f6glichen, haben wir die Lehrveranstaltungsleiter_innen ersucht, ein Fernbleiben bei Lehrveranstaltungen zwischen 11:30 und 14:00 Uhr zu entschuldigen.<\/p>\n<p>Vielen Dank f\u00fcr eure Teilnahme! Liebe Gr\u00fc\u00dfe, Veronika Sexl, Gregor Weihs, Janette Walde, Manfred Lechner und Dirk Rupnow<\/p>\n<p><em><strong>&#8211; english version &#8211;<\/strong><\/em><\/p>\n<p>Dear students,<\/p>\n<p>As you&#8217;ve likely noticed, the Students&#8216; Union (\u00d6H) at the University of Innsbruck has a lot in store for you this April. To keep you in the loop, here are a few upcoming highlights and reminders:<br \/>\nA major highlight is happening today: our panel discussion on affordable housing &#8222;Leistbares W\u00d6Hnen!&#8220; featuring Georg Willi, representatives from DOWAS and Lila wohnt, and our chairman Julian Herb.<\/p>\n<p>Take a look, join in, and make the most of what&#8217;s on offer!<\/p>\n<p>1.) Panel Discussion on Affordable Housing: April 16, 2026, at 6:00 PM &#8211; Leistbares W\u00d6Hnen!<br \/>\n2.) Our first P\u00d6Hetry Slam: April 29, 2026<br \/>\n3.) \u00b4Noise for Science &#8211; because without science, things go south!\u00b4 (Aktionstag)<\/p>\n<p><strong>Best regards,<\/strong><br \/>\n<strong>Your \u00d6H Executive Team<\/strong><br \/>\n<strong>Julian Herb &#8211; Anna Schramm &#8211; Gabriela Crnov<\/strong><\/p>\n<h5><strong>1.) Panel Discussion: Leistbares W\u00d6Hnen!<\/strong><\/h5>\n<p>April 16, 2026, at 6:00 PM<br \/>\nFinding a flat in Innsbruck can be an adventure in itself. But what is the current situation really like? Let&#8217;s find out together!<br \/>\nAt our \u00d6H panel discussion, we are bringing together representatives from non-profit organizations and the City of Innsbruck to take a closer look at the local housing market. Afterward, join us for refreshments to wind down the evening, network, and share your thoughts in a relaxed atmosphere.<\/p>\n<p>&#8211; When? April 16, 2026, 6:00 PM<br \/>\n&#8211; Where? Agnes Heller Haus (Audimax) We look forward to seeing you and your friends!<\/p>\n<p>Your Department for Student Housing, Department for Social Affairs, and Department for Educational Policy<\/p>\n<p>Please note: The panel discussion will be held in German.<\/p>\n<p>&#8211;<\/p>\n<h5><strong>2) Our First P\u00d6Hetry Slam April 29, 2026<\/strong><\/h5>\n<p>Curtain up for our very first P\u00d6Hetry Slam at the \u00c1gnes Heller Haus!<br \/>\nHave you always wanted to perform at a poetry slam, or are you a seasoned pro who can&#8217;t get enough of the stage? Then sign up now to participate! There are no thematic restrictions-you decide what your story is about.<\/p>\n<p>A maximum of 8 people can perform, and 4 of them will even have the chance to take the stage a second time for another round. The audience will decide the winner at the end of the night.<\/p>\n<p>The Hard Facts:<br \/>\n&#8211; When: April 29, 2026, at 7:00 PM (Note: Participants are asked to arrive 30 minutes early)<br \/>\n&#8211; Where: Small Lecture Hall (Kleiner H\u00f6rsaal), \u00c1gnes Heller Haus<\/p>\n<p>We&#8217;ve got you covered with free drinks and popcorn. To help us reduce waste, please bring your own cup! Bring your friends and enjoy an evening featuring the university\u00b4s most creative voices.<br \/>\n&#8211; Registration for Spectators: <a href=\"https:\/\/forms.gle\/kNWahvQRP7s6SgjS7\">https:\/\/forms.gle\/kNWahvQRP7s6SgjS7<\/a><br \/>\n&#8211; Registration for Performers: <a href=\"https:\/\/forms.gle\/zZqiMAPFizBemo3e8\">https:\/\/forms.gle\/zZqiMAPFizBemo3e8<\/a><\/p>\n<p>&#8211;<\/p>\n<h5><strong>3) \u00b4Noise for Science &#8211; because without science, things go south!\u00b4 Aktionstag on Tuesday, April 21<\/strong><\/h5>\n<p>On April 21, a day of action will take place across all university locations. The goal is to emphasize the social value of science and raise public awareness ahead of upcoming budget negotiations.<\/p>\n<p>In Innsbruck, together with the Medical University, we have decided to march through the city center under the motto \u00b4Krach f\u00fcr die Wissenschaft, weil&#8217;s ohne Wissenschaft kracht!\u00b4, accompanied by the well-known StreetNoise Orchestra. To make a strong statement, we ask all of you to participate.<\/p>\n<p>&#8211; WHEN: April 21 at 11:55 AM &#8211; \u00b45 to 12\u00b4<br \/>\n&#8211; WHERE: Meeting point at the Annas\u00e4ule<\/p>\n<p>From there, we will walk through the city together. At several stops along the way, scientists and student representatives will give short speeches highlighting the social importance of science.<\/p>\n<p>To ensure all students can attend, we have requested that lecturers excuse absences from classes between 11:30 AM and 2:00 PM.<\/p>\n<p>Thank you for your participation! Best regards, Veronika Sexl, Gregor Weihs, Janette Walde, Manfred Lechner, and Dirk Rupnow<\/p>\n<p>&nbsp;<\/p>","protected":false},"excerpt":{"rendered":"<p>-english version below- Liebe Studierende, wir ihr sicher bereits gemerkt habt, ist einiges los im April von Seiten der Hochsch\u00fclerinnen und Hochsch\u00fclerschaft an der Universit\u00e4t Innsbruck. Deshalb noch erg\u00e4nzend und zur Erinnerung ein paar Ausblicke: Bereits heute ist ein Highlight geplant: Die Podiumsdiskussion mit Georg Willi, Vertreter_innen von DOWAS und Lila wohnt und unserem Vorsitzenden [&hellip;]<\/p>\n","protected":false},"author":5,"featured_media":1609,"comment_status":"closed","ping_status":"closed","sticky":false,"template":"","format":"standard","meta":{"inline_featured_image":false,"footnotes":""},"categories":[1],"tags":[],"class_list":["post-11319","post","type-post","status-publish","format-standard","has-post-thumbnail","hentry","category-allgemein"],"yoast_head":"<!-- This site is optimized with the Yoast SEO plugin v21.8.1 - https:\/\/yoast.com\/wordpress\/plugins\/seo\/ -->\n<title>Newsletter 16.04.2026 - \u00d6H Innsbruck<\/title>\n<meta name=\"robots\" content=\"index, follow, max-snippet:-1, max-image-preview:large, max-video-preview:-1\" \/>\n<link rel=\"canonical\" href=\"https:\/\/www.oehweb.at\/en\/newsletter-16-04-2026\/\" \/>\n<meta property=\"og:locale\" content=\"en_GB\" \/>\n<meta property=\"og:type\" content=\"article\" \/>\n<meta property=\"og:title\" content=\"Newsletter 16.04.2026 - \u00d6H Innsbruck\" \/>\n<meta property=\"og:description\" content=\"-english version below- Liebe Studierende, wir ihr sicher bereits gemerkt habt, ist einiges los im April von Seiten der Hochsch\u00fclerinnen und Hochsch\u00fclerschaft an der Universit\u00e4t Innsbruck. Deshalb noch erg\u00e4nzend und zur Erinnerung ein paar Ausblicke: Bereits heute ist ein Highlight geplant: Die Podiumsdiskussion mit Georg Willi, Vertreter_innen von DOWAS und Lila wohnt und unserem Vorsitzenden [&hellip;]\" \/>\n<meta property=\"og:url\" content=\"https:\/\/www.oehweb.at\/en\/newsletter-16-04-2026\/\" \/>\n<meta property=\"og:site_name\" content=\"\u00d6H Innsbruck\" \/>\n<meta property=\"article:published_time\" content=\"2026-04-17T07:35:28+00:00\" \/>\n<meta property=\"og:image\" content=\"https:\/\/www.oehweb.at\/wp-content\/uploads\/2021\/03\/Newsletter-1.jpg\" \/>\n\t<meta property=\"og:image:width\" content=\"1280\" \/>\n\t<meta property=\"og:image:height\" content=\"960\" \/>\n\t<meta property=\"og:image:type\" content=\"image\/jpeg\" \/>\n<meta name=\"author\" content=\"OEH Innsbruck\" \/>\n<meta name=\"twitter:card\" content=\"summary_large_image\" \/>\n<meta name=\"twitter:label1\" content=\"Written by\" \/>\n\t<meta name=\"twitter:data1\" content=\"OEH Innsbruck\" \/>\n\t<meta name=\"twitter:label2\" content=\"Estimated reading time\" \/>\n\t<meta name=\"twitter:data2\" content=\"7 minutes\" \/>\n<script type=\"application\/ld+json\" class=\"yoast-schema-graph\">{\"@context\":\"https:\/\/schema.org\",\"@graph\":[{\"@type\":\"Article\",\"@id\":\"https:\/\/www.oehweb.at\/newsletter-16-04-2026\/#article\",\"isPartOf\":{\"@id\":\"https:\/\/www.oehweb.at\/newsletter-16-04-2026\/\"},\"author\":{\"name\":\"OEH Innsbruck\",\"@id\":\"https:\/\/www.oehweb.at\/#\/schema\/person\/70c69413dd3501c0c40fbc1430d34564\"},\"headline\":\"Newsletter 16.04.2026\",\"datePublished\":\"2026-04-17T07:35:28+00:00\",\"dateModified\":\"2026-04-17T07:35:28+00:00\",\"mainEntityOfPage\":{\"@id\":\"https:\/\/www.oehweb.at\/newsletter-16-04-2026\/\"},\"wordCount\":1231,\"publisher\":{\"@id\":\"https:\/\/www.oehweb.at\/#organization\"},\"articleSection\":[\"Allgemein\"],\"inLanguage\":\"en-GB\"},{\"@type\":\"WebPage\",\"@id\":\"https:\/\/www.oehweb.at\/newsletter-16-04-2026\/\",\"url\":\"https:\/\/www.oehweb.at\/newsletter-16-04-2026\/\",\"name\":\"Newsletter 16.04.2026 - \u00d6H Innsbruck\",\"isPartOf\":{\"@id\":\"https:\/\/www.oehweb.at\/#website\"},\"datePublished\":\"2026-04-17T07:35:28+00:00\",\"dateModified\":\"2026-04-17T07:35:28+00:00\",\"breadcrumb\":{\"@id\":\"https:\/\/www.oehweb.at\/newsletter-16-04-2026\/#breadcrumb\"},\"inLanguage\":\"en-GB\",\"potentialAction\":[{\"@type\":\"ReadAction\",\"target\":[\"https:\/\/www.oehweb.at\/newsletter-16-04-2026\/\"]}]},{\"@type\":\"BreadcrumbList\",\"@id\":\"https:\/\/www.oehweb.at\/newsletter-16-04-2026\/#breadcrumb\",\"itemListElement\":[{\"@type\":\"ListItem\",\"position\":1,\"name\":\"Home\",\"item\":\"https:\/\/www.oehweb.at\/\"},{\"@type\":\"ListItem\",\"position\":2,\"name\":\"Newsletter 16.04.2026\"}]},{\"@type\":\"WebSite\",\"@id\":\"https:\/\/www.oehweb.at\/#website\",\"url\":\"https:\/\/www.oehweb.at\/\",\"name\":\"\u00d6H Innsbruck\",\"description\":\"Wir sind die \u00d6sterreichische Hochsch\u00fclerInnenschaft an der Universit\u00e4t Innsbruck\",\"publisher\":{\"@id\":\"https:\/\/www.oehweb.at\/#organization\"},\"potentialAction\":[{\"@type\":\"SearchAction\",\"target\":{\"@type\":\"EntryPoint\",\"urlTemplate\":\"https:\/\/www.oehweb.at\/?s={search_term_string}\"},\"query-input\":\"required name=search_term_string\"}],\"inLanguage\":\"en-GB\"},{\"@type\":\"Organization\",\"@id\":\"https:\/\/www.oehweb.at\/#organization\",\"name\":\"\u00d6H Innsrbruck\",\"url\":\"https:\/\/www.oehweb.at\/\",\"logo\":{\"@type\":\"ImageObject\",\"inLanguage\":\"en-GB\",\"@id\":\"https:\/\/www.oehweb.at\/#\/schema\/logo\/image\/\",\"url\":\"https:\/\/www.oehweb.at\/wp-content\/uploads\/2020\/11\/OEH-Innsbruck-Logo.svg\",\"contentUrl\":\"https:\/\/www.oehweb.at\/wp-content\/uploads\/2020\/11\/OEH-Innsbruck-Logo.svg\",\"width\":448,\"height\":255,\"caption\":\"\u00d6H Innsrbruck\"},\"image\":{\"@id\":\"https:\/\/www.oehweb.at\/#\/schema\/logo\/image\/\"}},{\"@type\":\"Person\",\"@id\":\"https:\/\/www.oehweb.at\/#\/schema\/person\/70c69413dd3501c0c40fbc1430d34564\",\"name\":\"OEH Innsbruck\",\"image\":{\"@type\":\"ImageObject\",\"inLanguage\":\"en-GB\",\"@id\":\"https:\/\/www.oehweb.at\/#\/schema\/person\/image\/\",\"url\":\"https:\/\/secure.gravatar.com\/avatar\/bda643763d9c226f03befc6c02f867711d0de81b896dff2747848e543a1de895?s=96&d=mm&r=g\",\"contentUrl\":\"https:\/\/secure.gravatar.com\/avatar\/bda643763d9c226f03befc6c02f867711d0de81b896dff2747848e543a1de895?s=96&d=mm&r=g\",\"caption\":\"OEH Innsbruck\"}}]}<\/script>\n<!-- \/ Yoast SEO plugin. -->","yoast_head_json":{"title":"Newsletter 16.04.2026 - \u00d6H Innsbruck","robots":{"index":"index","follow":"follow","max-snippet":"max-snippet:-1","max-image-preview":"max-image-preview:large","max-video-preview":"max-video-preview:-1"},"canonical":"https:\/\/www.oehweb.at\/en\/newsletter-16-04-2026\/","og_locale":"en_GB","og_type":"article","og_title":"Newsletter 16.04.2026 - \u00d6H Innsbruck","og_description":"-english version below- Liebe Studierende, wir ihr sicher bereits gemerkt habt, ist einiges los im April von Seiten der Hochsch\u00fclerinnen und Hochsch\u00fclerschaft an der Universit\u00e4t Innsbruck. Deshalb noch erg\u00e4nzend und zur Erinnerung ein paar Ausblicke: Bereits heute ist ein Highlight geplant: Die Podiumsdiskussion mit Georg Willi, Vertreter_innen von DOWAS und Lila wohnt und unserem Vorsitzenden [&hellip;]","og_url":"https:\/\/www.oehweb.at\/en\/newsletter-16-04-2026\/","og_site_name":"\u00d6H Innsbruck","article_published_time":"2026-04-17T07:35:28+00:00","og_image":[{"width":1280,"height":960,"url":"https:\/\/www.oehweb.at\/wp-content\/uploads\/2021\/03\/Newsletter-1.jpg","type":"image\/jpeg"}],"author":"OEH Innsbruck","twitter_card":"summary_large_image","twitter_misc":{"Written by":"OEH Innsbruck","Estimated reading time":"7 minutes"},"schema":{"@context":"https:\/\/schema.org","@graph":[{"@type":"Article","@id":"https:\/\/www.oehweb.at\/newsletter-16-04-2026\/#article","isPartOf":{"@id":"https:\/\/www.oehweb.at\/newsletter-16-04-2026\/"},"author":{"name":"OEH Innsbruck","@id":"https:\/\/www.oehweb.at\/#\/schema\/person\/70c69413dd3501c0c40fbc1430d34564"},"headline":"Newsletter 16.04.2026","datePublished":"2026-04-17T07:35:28+00:00","dateModified":"2026-04-17T07:35:28+00:00","mainEntityOfPage":{"@id":"https:\/\/www.oehweb.at\/newsletter-16-04-2026\/"},"wordCount":1231,"publisher":{"@id":"https:\/\/www.oehweb.at\/#organization"},"articleSection":["Allgemein"],"inLanguage":"en-GB"},{"@type":"WebPage","@id":"https:\/\/www.oehweb.at\/newsletter-16-04-2026\/","url":"https:\/\/www.oehweb.at\/newsletter-16-04-2026\/","name":"Newsletter 16.04.2026 - \u00d6H Innsbruck","isPartOf":{"@id":"https:\/\/www.oehweb.at\/#website"},"datePublished":"2026-04-17T07:35:28+00:00","dateModified":"2026-04-17T07:35:28+00:00","breadcrumb":{"@id":"https:\/\/www.oehweb.at\/newsletter-16-04-2026\/#breadcrumb"},"inLanguage":"en-GB","potentialAction":[{"@type":"ReadAction","target":["https:\/\/www.oehweb.at\/newsletter-16-04-2026\/"]}]},{"@type":"BreadcrumbList","@id":"https:\/\/www.oehweb.at\/newsletter-16-04-2026\/#breadcrumb","itemListElement":[{"@type":"ListItem","position":1,"name":"Home","item":"https:\/\/www.oehweb.at\/"},{"@type":"ListItem","position":2,"name":"Newsletter 16.04.2026"}]},{"@type":"WebSite","@id":"https:\/\/www.oehweb.at\/#website","url":"https:\/\/www.oehweb.at\/","name":"\u00d6H Innsbruck","description":"Wir sind die \u00d6sterreichische Hochsch\u00fclerInnenschaft an der Universit\u00e4t Innsbruck","publisher":{"@id":"https:\/\/www.oehweb.at\/#organization"},"potentialAction":[{"@type":"SearchAction","target":{"@type":"EntryPoint","urlTemplate":"https:\/\/www.oehweb.at\/?s={search_term_string}"},"query-input":"required name=search_term_string"}],"inLanguage":"en-GB"},{"@type":"Organization","@id":"https:\/\/www.oehweb.at\/#organization","name":"\u00d6H Innsrbruck","url":"https:\/\/www.oehweb.at\/","logo":{"@type":"ImageObject","inLanguage":"en-GB","@id":"https:\/\/www.oehweb.at\/#\/schema\/logo\/image\/","url":"https:\/\/www.oehweb.at\/wp-content\/uploads\/2020\/11\/OEH-Innsbruck-Logo.svg","contentUrl":"https:\/\/www.oehweb.at\/wp-content\/uploads\/2020\/11\/OEH-Innsbruck-Logo.svg","width":448,"height":255,"caption":"\u00d6H Innsrbruck"},"image":{"@id":"https:\/\/www.oehweb.at\/#\/schema\/logo\/image\/"}},{"@type":"Person","@id":"https:\/\/www.oehweb.at\/#\/schema\/person\/70c69413dd3501c0c40fbc1430d34564","name":"OEH Innsbruck","image":{"@type":"ImageObject","inLanguage":"en-GB","@id":"https:\/\/www.oehweb.at\/#\/schema\/person\/image\/","url":"https:\/\/secure.gravatar.com\/avatar\/bda643763d9c226f03befc6c02f867711d0de81b896dff2747848e543a1de895?s=96&d=mm&r=g","contentUrl":"https:\/\/secure.gravatar.com\/avatar\/bda643763d9c226f03befc6c02f867711d0de81b896dff2747848e543a1de895?s=96&d=mm&r=g","caption":"OEH Innsbruck"}}]}},"_links":{"self":[{"href":"https:\/\/www.oehweb.at\/en\/wp-json\/wp\/v2\/posts\/11319","targetHints":{"allow":["GET"]}}],"collection":[{"href":"https:\/\/www.oehweb.at\/en\/wp-json\/wp\/v2\/posts"}],"about":[{"href":"https:\/\/www.oehweb.at\/en\/wp-json\/wp\/v2\/types\/post"}],"author":[{"embeddable":true,"href":"https:\/\/www.oehweb.at\/en\/wp-json\/wp\/v2\/users\/5"}],"replies":[{"embeddable":true,"href":"https:\/\/www.oehweb.at\/en\/wp-json\/wp\/v2\/comments?post=11319"}],"version-history":[{"count":1,"href":"https:\/\/www.oehweb.at\/en\/wp-json\/wp\/v2\/posts\/11319\/revisions"}],"predecessor-version":[{"id":11320,"href":"https:\/\/www.oehweb.at\/en\/wp-json\/wp\/v2\/posts\/11319\/revisions\/11320"}],"wp:featuredmedia":[{"embeddable":true,"href":"https:\/\/www.oehweb.at\/en\/wp-json\/wp\/v2\/media\/1609"}],"wp:attachment":[{"href":"https:\/\/www.oehweb.at\/en\/wp-json\/wp\/v2\/media?parent=11319"}],"wp:term":[{"taxonomy":"category","embeddable":true,"href":"https:\/\/www.oehweb.at\/en\/wp-json\/wp\/v2\/categories?post=11319"},{"taxonomy":"post_tag","embeddable":true,"href":"https:\/\/www.oehweb.at\/en\/wp-json\/wp\/v2\/tags?post=11319"}],"curies":[{"name":"wp","href":"https:\/\/api.w.org\/{rel}","templated":true}]}}