{"id":11450,"date":"2026-06-08T12:56:02","date_gmt":"2026-06-08T10:56:02","guid":{"rendered":"https:\/\/www.oehweb.at\/?p=11450"},"modified":"2026-06-08T13:22:58","modified_gmt":"2026-06-08T11:22:58","slug":"2-newsletter-juni-2026","status":"publish","type":"post","link":"https:\/\/www.oehweb.at\/en\/2-newsletter-juni-2026\/","title":{"rendered":"2. Newsletter Juni 2026"},"content":{"rendered":"<p>&#8211; english version below &#8211;<\/p>\n<p>Dear students,<\/p>\n<p>Aktuell gibt es einige wichtige Themen, die euren Studierendenalltag betreffen.<\/p>\n<ol>\n<li>K\u00fcrzungen seitens des Ministeriums<\/li>\n<li>Ende der Stadtrad-Kooperation f\u00fcr Studierende<\/li>\n<li>Umstellung von Fileshare auf UNIverse ab Ende Juni<\/li>\n<\/ol>\n<p>Danke f\u00fcrs Lesen!<\/p>\n<p>Euer \u00d6H-Vorsitzteam<br \/>\n<strong>Julian Herb &#8211; Anna Schramm &#8211; Gabriela Crnov<\/strong><\/p>\n<p>____________________________________<\/p>\n<ol>\n<li><strong>K\u00fcrzungen seitens des Ministeriums<\/strong><\/li>\n<\/ol>\n<p>Die Bundesregierung hat drastische Budgetk\u00fcrzungen f\u00fcr die kommenden drei Jahre f\u00fcr die Universit\u00e4ten angek\u00fcndigt. Wir waren bereits vor der angek\u00fcndigten Budgetk\u00fcrzung als erster Hochschulstandort aktiv und haben uns am Aktionstag der Universit\u00e4t &#8222;Krach f\u00fcr die Wissenschaft &#8211; weils ohne Wissenschaft kracht&#8220; im April beteiligt und uns gegen die K\u00fcrzungen ausgesprochen.<\/p>\n<p><strong>F\u00fcr uns als eure Interessenvertretung ist klar, dass diese geplanten K\u00fcrzungen leider nicht ohne Folgen bleiben:<\/strong><br \/>\n&#8211; Weniger Kurse &amp; \u00fcberf\u00fcllte H\u00f6rs\u00e4le: Ein reduziertes Lehrangebot bedeutet weniger Pl\u00e4tze in wichtigen Lehrveranstaltungen.<br \/>\n&#8211; Unfreiwillig l\u00e4ngere Studienzeiten: Wer keine Pl\u00e4tze in Pflichtkursen bekommt, studiert l\u00e4nger und das kostet Zeit und Geld.<br \/>\n&#8211; Vermehrte Aufnahmebeschr\u00e4nkungen: Geringere Kapazit\u00e4ten der Universit\u00e4ten f\u00fchren oft zu neuen Quoten und Barrieren beim Hochschulzugang.<\/p>\n<p>Als deine \u00d6H an der Universit\u00e4t Innsbruck ist unsere Position eindeutig: &#8222;Freier Hochschulzugang f\u00fcr alle ist ein Muss und keine Frage des Geldes.&#8220;<\/p>\n<p>Wir als \u00d6H Innsbruck distanzieren uns klar von den K\u00fcrzungspl\u00e4nen der Bundesregierung. Der Zugang zu Bildung darf niemals von deinen finanziellen Mitteln abh\u00e4ngen!<\/p>\n<p>Auch in Zukunft werden wir uns entschieden gegen die geplanten K\u00fcrzungen aussprechen und Akzente setzen, um auf deren Auswirkungen aufmerksam zu machen.<\/p>\n<p>&#8212;<\/p>\n<ol start=\"2\">\n<li><strong>Ende der Stadtrad-Kooperation f\u00fcr Studierende<\/strong><\/li>\n<\/ol>\n<p>Unsere Stadtradkooperation f\u00fcr Studierende l\u00e4uft am 30.06.2026 aus. Bisher haben wir als \u00d6H gezahlt, damit ihr gratis radeln k\u00f6nnt.<\/p>\n<p>Obwohl wir bis zuletzt hart verhandelt und nach Kompromissen gesucht haben, bewegte sich die IVB keinen Millimeter. Sie wollten den Preis f\u00fcr die Aktion von anfangs etwa 25.000 Euro auf \u00fcber 120.000 Euro pro Jahr verf\u00fcnffachen! Das ist ein politisches Armutszeugnis auf dem R\u00fccken der Studierenden.<\/p>\n<p><strong>Hier sind die Fakten und was das jetzt f\u00fcr dich bedeutet:<\/strong><br \/>\n&#8211; Die Gratis-Nutzung endet mit 30.06.2026: Bis dahin f\u00e4hrst du wie gewohnt die ersten 30 Minuten jeder Fahrt gratis.<br \/>\n&#8211; Kostenpflichtig ab 01.07.2026 Studierende sind nicht das Geldb\u00f6rserl der IVB!<\/p>\n<p>Mangelnde F\u00f6rderungen der Stadt Innsbruck d\u00fcrfen nicht \u00fcber die Gelder der Studierenden ausgeglichen werden. Wir haben bis zuletzt nach Kompromissen gesucht. Unsere Studierendengelder sind nicht daf\u00fcr da, die Budgetl\u00f6cher der IVB zu stopfen.<\/p>\n<p>Wir bleiben nat\u00fcrlich trotzdem aktiv und werden weiterhin f\u00fcr eine leistbare und nachhaltige Mobilit\u00e4t f\u00fcr alle Studierenden k\u00e4mpfen!<\/p>\n<p>&#8212;<\/p>\n<ol start=\"3\">\n<li><strong>UNIverse anstelle von Fileshare ab Ende Juni<\/strong><\/li>\n<\/ol>\n<p>Ende Juni wird die Cloudplattform &#8222;Fileshare&#8220; f\u00fcr Studierende abgeschaltet, an dessen Stelle wird der neue Service &#8222;UNIverse&#8220; treten. Alle, die noch Dateien auf Fileshare liegen haben, sollten diese bis sp\u00e4testens 30.06.2026 herunterladen und anderweitig sichern (zum Beispiel in UNIverse).<\/p>\n<p>Alle Informationen dazu finden sich im Newsroom-Beitrag: <a href=\"https:\/\/www.uibk.ac.at\/de\/newsroom\/2026\/informationen-zur-deaktivierung-von-fileshare\/\">https:\/\/www.uibk.ac.at\/de\/newsroom\/2026\/informationen-zur-deaktivierung-von-fileshare\/<\/a><\/p>\n<p>_________________________________<\/p>\n<p>Dear Students,<\/p>\n<p>There are currently several important topics that affect your everyday student life.<\/p>\n<ol>\n<li>Cuts by the Ministry<\/li>\n<li>End of the \u00b4Stadtrad\u00b4 Cooperation for Students<\/li>\n<li>Switch from Fileshare to UNIverse from the End of June Thanks for reading!<\/li>\n<\/ol>\n<p>Your \u00d6H Executive Team<\/p>\n<p><strong>Julian Herb &#8211; Anna Schramm &#8211; Gabriela Crnov<\/strong><\/p>\n<p>&#8212;<\/p>\n<ol>\n<li><strong>Cuts by the Ministry<\/strong><\/li>\n<\/ol>\n<p>The federal government has announced drastic budget cuts for universities over the next three years. Even before these cuts were made public, we took action as the first university location to get involved, participating in the university\u00b4s day of action \u00b4Noise for Science &#8211; because without science everything crashes\u00b4 in April to protest against the reductions.<\/p>\n<p><strong>As your student union, it is clear to us that these planned cuts will unfortunately have severe consequences:<\/strong><br \/>\n&#8211; Fewer courses &amp; overcrowded lecture halls: A reduced range of courses means fewer spots in essential classes.<br \/>\n&#8211; Involuntarily extended study times: If you can\u00b4t get a spot in a mandatory course, your studies will take longer, costing you both time and money.<br \/>\n&#8211; Increased admission restrictions: Lower university capacities often lead to new quotas and barriers to higher education access.<\/p>\n<p>As your \u00d6H at the University of Innsbruck, our position is unmistakable: \u00b4Free access to higher education for everyone is a must and not a question of money.\u00b4<\/p>\n<p>We, the \u00d6H Innsbruck, clearly distance ourselves from the federal government\u00b4s budget cuts. Access to education must never depend on your financial means!<\/p>\n<p>Moving forward, we will continue to strongly oppose the planned cuts and take decisive action to raise awareness about their impact.<\/p>\n<p>&#8212;<\/p>\n<ol start=\"2\">\n<li><strong>End of the \u00b4Stadtrad\u00b4 Cooperation for Students<\/strong><\/li>\n<\/ol>\n<p>Our Stadtrad cooperation for students expires on June 30, 2026. Until now, we as \u00d6H have paid so that you can cycle for free.<\/p>\n<p>Although we negotiated hard until the very end and looked for compromises, the IVB did not budge a single millimeter. They wanted to quintuple the price for the initiative from initially around 25,000 euros to over 120,000 euros per year! This is a political indictment at the expense of the students.<\/p>\n<p><strong>Here are the facts and what this means for you now:<\/strong><br \/>\n&#8211; Free use ends on June 30, 2026: Until then, you can ride the first 30 minutes of every journey for free, as usual.<br \/>\n&#8211; Subject to fees from July 1, 2026<\/p>\n<p>Students are not the IVB\u00b4s wallet! A lack of funding from the City of Innsbruck must not be compensated for using students\u00b4 funds. We looked for compromises until the very end. Our student funds are not there to plug the IVB\u00b4s budget holes.<\/p>\n<p>We will remain active nonetheless and will continue to fight for affordable and sustainable mobility for all students!<\/p>\n<p>&#8212;<\/p>\n<ol start=\"3\">\n<li><strong>UNIverse instead of Fileshare from the End of June<\/strong><\/li>\n<\/ol>\n<p>At the end of June, the cloud platform \u00b4Fileshare\u00b4 for students will be shut down, and the new service \u00b4UNIverse\u00b4 will take its place. Everyone who still has files stored on Fileshare should download and back them up elsewhere (for example, in UNIverse) by June 30, 2026, at the latest.<\/p>\n<p>All information regarding this can be found in the Newsroom article: <a href=\"https:\/\/www.uibk.ac.at\/de\/newsroom\/2026\/informationen-zur-deaktivierung-von-fileshare\/\">https:\/\/www.uibk.ac.at\/de\/newsroom\/2026\/informationen-zur-deaktivierung-von-fileshare\/<\/a><\/p>\n<p>&nbsp;<\/p>","protected":false},"excerpt":{"rendered":"<p>&#8211; english version below &#8211; Liebe Studierende, Aktuell gibt es einige wichtige Themen, die euren Studierendenalltag betreffen. K\u00fcrzungen seitens des Ministeriums Ende der Stadtrad-Kooperation f\u00fcr Studierende Umstellung von Fileshare auf UNIverse ab Ende Juni Danke f\u00fcrs Lesen! Euer \u00d6H-Vorsitzteam Julian Herb &#8211; Anna Schramm &#8211; Gabriela Crnov ____________________________________ K\u00fcrzungen seitens des Ministeriums Die Bundesregierung hat [&hellip;]<\/p>\n","protected":false},"author":6,"featured_media":1609,"comment_status":"closed","ping_status":"closed","sticky":false,"template":"","format":"standard","meta":{"inline_featured_image":false,"footnotes":""},"categories":[1],"tags":[],"class_list":["post-11450","post","type-post","status-publish","format-standard","has-post-thumbnail","hentry","category-allgemein"],"yoast_head":"<!-- This site is optimized with the Yoast SEO plugin v21.8.1 - https:\/\/yoast.com\/wordpress\/plugins\/seo\/ -->\n<title>2. Newsletter Juni 2026 - \u00d6H Innsbruck<\/title>\n<meta name=\"robots\" content=\"index, follow, max-snippet:-1, max-image-preview:large, max-video-preview:-1\" \/>\n<link rel=\"canonical\" href=\"https:\/\/www.oehweb.at\/en\/2-newsletter-juni-2026\/\" \/>\n<meta property=\"og:locale\" content=\"en_GB\" \/>\n<meta property=\"og:type\" content=\"article\" \/>\n<meta property=\"og:title\" content=\"2. Newsletter Juni 2026 - \u00d6H Innsbruck\" \/>\n<meta property=\"og:description\" content=\"&#8211; english version below &#8211; Liebe Studierende, Aktuell gibt es einige wichtige Themen, die euren Studierendenalltag betreffen. K\u00fcrzungen seitens des Ministeriums Ende der Stadtrad-Kooperation f\u00fcr Studierende Umstellung von Fileshare auf UNIverse ab Ende Juni Danke f\u00fcrs Lesen! Euer \u00d6H-Vorsitzteam Julian Herb &#8211; Anna Schramm &#8211; Gabriela Crnov ____________________________________ K\u00fcrzungen seitens des Ministeriums Die Bundesregierung hat [&hellip;]\" \/>\n<meta property=\"og:url\" content=\"https:\/\/www.oehweb.at\/en\/2-newsletter-juni-2026\/\" \/>\n<meta property=\"og:site_name\" content=\"\u00d6H Innsbruck\" \/>\n<meta property=\"article:published_time\" content=\"2026-06-08T10:56:02+00:00\" \/>\n<meta property=\"article:modified_time\" content=\"2026-06-08T11:22:58+00:00\" \/>\n<meta property=\"og:image\" content=\"https:\/\/www.oehweb.at\/wp-content\/uploads\/2021\/03\/Newsletter-1.jpg\" \/>\n\t<meta property=\"og:image:width\" content=\"1280\" \/>\n\t<meta property=\"og:image:height\" content=\"960\" \/>\n\t<meta property=\"og:image:type\" content=\"image\/jpeg\" \/>\n<meta name=\"author\" content=\"wp_oeh_admin\" \/>\n<meta name=\"twitter:card\" content=\"summary_large_image\" \/>\n<meta name=\"twitter:label1\" content=\"Written by\" \/>\n\t<meta name=\"twitter:data1\" content=\"wp_oeh_admin\" \/>\n\t<meta name=\"twitter:label2\" content=\"Estimated reading time\" \/>\n\t<meta name=\"twitter:data2\" content=\"6 minutes\" \/>\n<script type=\"application\/ld+json\" class=\"yoast-schema-graph\">{\"@context\":\"https:\/\/schema.org\",\"@graph\":[{\"@type\":\"Article\",\"@id\":\"https:\/\/www.oehweb.at\/2-newsletter-juni-2026\/#article\",\"isPartOf\":{\"@id\":\"https:\/\/www.oehweb.at\/2-newsletter-juni-2026\/\"},\"author\":{\"name\":\"wp_oeh_admin\",\"@id\":\"https:\/\/www.oehweb.at\/#\/schema\/person\/c641859a627d994ed4b3ac96cd2b6205\"},\"headline\":\"2. Newsletter Juni 2026\",\"datePublished\":\"2026-06-08T10:56:02+00:00\",\"dateModified\":\"2026-06-08T11:22:58+00:00\",\"mainEntityOfPage\":{\"@id\":\"https:\/\/www.oehweb.at\/2-newsletter-juni-2026\/\"},\"wordCount\":1032,\"publisher\":{\"@id\":\"https:\/\/www.oehweb.at\/#organization\"},\"articleSection\":[\"Allgemein\"],\"inLanguage\":\"en-GB\"},{\"@type\":\"WebPage\",\"@id\":\"https:\/\/www.oehweb.at\/2-newsletter-juni-2026\/\",\"url\":\"https:\/\/www.oehweb.at\/2-newsletter-juni-2026\/\",\"name\":\"2. Newsletter Juni 2026 - \u00d6H Innsbruck\",\"isPartOf\":{\"@id\":\"https:\/\/www.oehweb.at\/#website\"},\"datePublished\":\"2026-06-08T10:56:02+00:00\",\"dateModified\":\"2026-06-08T11:22:58+00:00\",\"breadcrumb\":{\"@id\":\"https:\/\/www.oehweb.at\/2-newsletter-juni-2026\/#breadcrumb\"},\"inLanguage\":\"en-GB\",\"potentialAction\":[{\"@type\":\"ReadAction\",\"target\":[\"https:\/\/www.oehweb.at\/2-newsletter-juni-2026\/\"]}]},{\"@type\":\"BreadcrumbList\",\"@id\":\"https:\/\/www.oehweb.at\/2-newsletter-juni-2026\/#breadcrumb\",\"itemListElement\":[{\"@type\":\"ListItem\",\"position\":1,\"name\":\"Home\",\"item\":\"https:\/\/www.oehweb.at\/\"},{\"@type\":\"ListItem\",\"position\":2,\"name\":\"2. Newsletter Juni 2026\"}]},{\"@type\":\"WebSite\",\"@id\":\"https:\/\/www.oehweb.at\/#website\",\"url\":\"https:\/\/www.oehweb.at\/\",\"name\":\"\u00d6H Innsbruck\",\"description\":\"Wir sind die \u00d6sterreichische Hochsch\u00fclerInnenschaft an der Universit\u00e4t Innsbruck\",\"publisher\":{\"@id\":\"https:\/\/www.oehweb.at\/#organization\"},\"potentialAction\":[{\"@type\":\"SearchAction\",\"target\":{\"@type\":\"EntryPoint\",\"urlTemplate\":\"https:\/\/www.oehweb.at\/?s={search_term_string}\"},\"query-input\":\"required name=search_term_string\"}],\"inLanguage\":\"en-GB\"},{\"@type\":\"Organization\",\"@id\":\"https:\/\/www.oehweb.at\/#organization\",\"name\":\"\u00d6H Innsrbruck\",\"url\":\"https:\/\/www.oehweb.at\/\",\"logo\":{\"@type\":\"ImageObject\",\"inLanguage\":\"en-GB\",\"@id\":\"https:\/\/www.oehweb.at\/#\/schema\/logo\/image\/\",\"url\":\"https:\/\/www.oehweb.at\/wp-content\/uploads\/2020\/11\/OEH-Innsbruck-Logo.svg\",\"contentUrl\":\"https:\/\/www.oehweb.at\/wp-content\/uploads\/2020\/11\/OEH-Innsbruck-Logo.svg\",\"width\":448,\"height\":255,\"caption\":\"\u00d6H Innsrbruck\"},\"image\":{\"@id\":\"https:\/\/www.oehweb.at\/#\/schema\/logo\/image\/\"}},{\"@type\":\"Person\",\"@id\":\"https:\/\/www.oehweb.at\/#\/schema\/person\/c641859a627d994ed4b3ac96cd2b6205\",\"name\":\"wp_oeh_admin\",\"image\":{\"@type\":\"ImageObject\",\"inLanguage\":\"en-GB\",\"@id\":\"https:\/\/www.oehweb.at\/#\/schema\/person\/image\/\",\"url\":\"https:\/\/secure.gravatar.com\/avatar\/8090df92e4a6f69b7627aad038cf27835c0d86bfe90ab0ce18d8b6cccf489122?s=96&d=mm&r=g\",\"contentUrl\":\"https:\/\/secure.gravatar.com\/avatar\/8090df92e4a6f69b7627aad038cf27835c0d86bfe90ab0ce18d8b6cccf489122?s=96&d=mm&r=g\",\"caption\":\"wp_oeh_admin\"}}]}<\/script>\n<!-- \/ Yoast SEO plugin. -->","yoast_head_json":{"title":"2. Newsletter Juni 2026 - \u00d6H Innsbruck","robots":{"index":"index","follow":"follow","max-snippet":"max-snippet:-1","max-image-preview":"max-image-preview:large","max-video-preview":"max-video-preview:-1"},"canonical":"https:\/\/www.oehweb.at\/en\/2-newsletter-juni-2026\/","og_locale":"en_GB","og_type":"article","og_title":"2. Newsletter Juni 2026 - \u00d6H Innsbruck","og_description":"&#8211; english version below &#8211; Liebe Studierende, Aktuell gibt es einige wichtige Themen, die euren Studierendenalltag betreffen. K\u00fcrzungen seitens des Ministeriums Ende der Stadtrad-Kooperation f\u00fcr Studierende Umstellung von Fileshare auf UNIverse ab Ende Juni Danke f\u00fcrs Lesen! Euer \u00d6H-Vorsitzteam Julian Herb &#8211; Anna Schramm &#8211; Gabriela Crnov ____________________________________ K\u00fcrzungen seitens des Ministeriums Die Bundesregierung hat [&hellip;]","og_url":"https:\/\/www.oehweb.at\/en\/2-newsletter-juni-2026\/","og_site_name":"\u00d6H Innsbruck","article_published_time":"2026-06-08T10:56:02+00:00","article_modified_time":"2026-06-08T11:22:58+00:00","og_image":[{"width":1280,"height":960,"url":"https:\/\/www.oehweb.at\/wp-content\/uploads\/2021\/03\/Newsletter-1.jpg","type":"image\/jpeg"}],"author":"wp_oeh_admin","twitter_card":"summary_large_image","twitter_misc":{"Written by":"wp_oeh_admin","Estimated reading time":"6 minutes"},"schema":{"@context":"https:\/\/schema.org","@graph":[{"@type":"Article","@id":"https:\/\/www.oehweb.at\/2-newsletter-juni-2026\/#article","isPartOf":{"@id":"https:\/\/www.oehweb.at\/2-newsletter-juni-2026\/"},"author":{"name":"wp_oeh_admin","@id":"https:\/\/www.oehweb.at\/#\/schema\/person\/c641859a627d994ed4b3ac96cd2b6205"},"headline":"2. Newsletter Juni 2026","datePublished":"2026-06-08T10:56:02+00:00","dateModified":"2026-06-08T11:22:58+00:00","mainEntityOfPage":{"@id":"https:\/\/www.oehweb.at\/2-newsletter-juni-2026\/"},"wordCount":1032,"publisher":{"@id":"https:\/\/www.oehweb.at\/#organization"},"articleSection":["Allgemein"],"inLanguage":"en-GB"},{"@type":"WebPage","@id":"https:\/\/www.oehweb.at\/2-newsletter-juni-2026\/","url":"https:\/\/www.oehweb.at\/2-newsletter-juni-2026\/","name":"2. Newsletter Juni 2026 - \u00d6H Innsbruck","isPartOf":{"@id":"https:\/\/www.oehweb.at\/#website"},"datePublished":"2026-06-08T10:56:02+00:00","dateModified":"2026-06-08T11:22:58+00:00","breadcrumb":{"@id":"https:\/\/www.oehweb.at\/2-newsletter-juni-2026\/#breadcrumb"},"inLanguage":"en-GB","potentialAction":[{"@type":"ReadAction","target":["https:\/\/www.oehweb.at\/2-newsletter-juni-2026\/"]}]},{"@type":"BreadcrumbList","@id":"https:\/\/www.oehweb.at\/2-newsletter-juni-2026\/#breadcrumb","itemListElement":[{"@type":"ListItem","position":1,"name":"Home","item":"https:\/\/www.oehweb.at\/"},{"@type":"ListItem","position":2,"name":"2. Newsletter Juni 2026"}]},{"@type":"WebSite","@id":"https:\/\/www.oehweb.at\/#website","url":"https:\/\/www.oehweb.at\/","name":"\u00d6H Innsbruck","description":"Wir sind die \u00d6sterreichische Hochsch\u00fclerInnenschaft an der Universit\u00e4t Innsbruck","publisher":{"@id":"https:\/\/www.oehweb.at\/#organization"},"potentialAction":[{"@type":"SearchAction","target":{"@type":"EntryPoint","urlTemplate":"https:\/\/www.oehweb.at\/?s={search_term_string}"},"query-input":"required name=search_term_string"}],"inLanguage":"en-GB"},{"@type":"Organization","@id":"https:\/\/www.oehweb.at\/#organization","name":"\u00d6H Innsrbruck","url":"https:\/\/www.oehweb.at\/","logo":{"@type":"ImageObject","inLanguage":"en-GB","@id":"https:\/\/www.oehweb.at\/#\/schema\/logo\/image\/","url":"https:\/\/www.oehweb.at\/wp-content\/uploads\/2020\/11\/OEH-Innsbruck-Logo.svg","contentUrl":"https:\/\/www.oehweb.at\/wp-content\/uploads\/2020\/11\/OEH-Innsbruck-Logo.svg","width":448,"height":255,"caption":"\u00d6H Innsrbruck"},"image":{"@id":"https:\/\/www.oehweb.at\/#\/schema\/logo\/image\/"}},{"@type":"Person","@id":"https:\/\/www.oehweb.at\/#\/schema\/person\/c641859a627d994ed4b3ac96cd2b6205","name":"wp_oeh_admin","image":{"@type":"ImageObject","inLanguage":"en-GB","@id":"https:\/\/www.oehweb.at\/#\/schema\/person\/image\/","url":"https:\/\/secure.gravatar.com\/avatar\/8090df92e4a6f69b7627aad038cf27835c0d86bfe90ab0ce18d8b6cccf489122?s=96&d=mm&r=g","contentUrl":"https:\/\/secure.gravatar.com\/avatar\/8090df92e4a6f69b7627aad038cf27835c0d86bfe90ab0ce18d8b6cccf489122?s=96&d=mm&r=g","caption":"wp_oeh_admin"}}]}},"_links":{"self":[{"href":"https:\/\/www.oehweb.at\/en\/wp-json\/wp\/v2\/posts\/11450","targetHints":{"allow":["GET"]}}],"collection":[{"href":"https:\/\/www.oehweb.at\/en\/wp-json\/wp\/v2\/posts"}],"about":[{"href":"https:\/\/www.oehweb.at\/en\/wp-json\/wp\/v2\/types\/post"}],"author":[{"embeddable":true,"href":"https:\/\/www.oehweb.at\/en\/wp-json\/wp\/v2\/users\/6"}],"replies":[{"embeddable":true,"href":"https:\/\/www.oehweb.at\/en\/wp-json\/wp\/v2\/comments?post=11450"}],"version-history":[{"count":5,"href":"https:\/\/www.oehweb.at\/en\/wp-json\/wp\/v2\/posts\/11450\/revisions"}],"predecessor-version":[{"id":11456,"href":"https:\/\/www.oehweb.at\/en\/wp-json\/wp\/v2\/posts\/11450\/revisions\/11456"}],"wp:featuredmedia":[{"embeddable":true,"href":"https:\/\/www.oehweb.at\/en\/wp-json\/wp\/v2\/media\/1609"}],"wp:attachment":[{"href":"https:\/\/www.oehweb.at\/en\/wp-json\/wp\/v2\/media?parent=11450"}],"wp:term":[{"taxonomy":"category","embeddable":true,"href":"https:\/\/www.oehweb.at\/en\/wp-json\/wp\/v2\/categories?post=11450"},{"taxonomy":"post_tag","embeddable":true,"href":"https:\/\/www.oehweb.at\/en\/wp-json\/wp\/v2\/tags?post=11450"}],"curies":[{"name":"wp","href":"https:\/\/api.w.org\/{rel}","templated":true}]}}